
			
				

					
				

			
		{"items":"\n\t\t\t\t\t\t\t\t\t\t\t\t\t\t<link rel=\"stylesheet\" id=\"wd-post-types-mod-categories-style-bg-css\" href=\"https:\/\/www.prodizayn.com.tr\/wp-content\/themes\/woodmart\/css\/parts\/post-types-mod-categories-style-bg.min.css?ver=8.3.4\" type=\"text\/css\" media=\"all\" \/> \t\t\t\n<article id=\"post-20314\" class=\"wd-post blog-design-chess blog-post-loop blog-design-small-images blog-style-bg wd-add-shadow wd-col post-20314 post type-post status-publish format-standard has-post-thumbnail hentry category-ahsap-dekorasyon category-estetik category-laminat-parke tag-ahsap-zemin tag-berry-alloc tag-berry-alloc-prodizayn tag-berry-alloc-turkiye tag-desenli-pvc tag-high-pressure-laminate tag-kaucuk-zemin-kaplama tag-kilit-sistem-parke tag-laminat-parke tag-lamine-parke tag-lvt tag-parke-alti-siltesi tag-parke-bakimi tag-parke-doseme-alti-malzemeleri tag-parke-genlesme tag-parke-zemin-yapistirma-malzemeleri tag-plastik-zemin-kaplama-malzemeleri tag-prodizayn tag-prodizayn-laminat-parke tag-prodizayn-lamine-parke tag-prodizayn-zemin-dosemesi tag-prodizayn-zemin-kaplama tag-pvc-zemin tag-pvc-zemin-kaplama tag-saglikli-parke tag-seramik-kaplama tag-silte-2 tag-ticari-vinil-zemin-kaplamalari tag-trend-zemin-sistemleri tag-vct tag-vinil tag-vinil-kaplama tag-vinil-zemin tag-vinil-zemin-kaplama-malzemeleri tag-yer-dosemesi tag-zemin tag-zemin-kaplama tag-zemin-sistemleri tag-zemin-turleri tag-zeminde-nem-orani\">\n\t<div class=\"wd-post-inner article-inner\">\n\t\t\t\t\t<div class=\"wd-post-thumb entry-header\">\n\t\t\t\t\t\t\t\t\t<div class=\"wd-post-img post-img-wrapp\">\n\t\t\t\t\t\t<img width=\"800\" height=\"600\" src=\"https:\/\/www.prodizayn.com.tr\/wp-content\/uploads\/2025\/04\/laminant-parke-oncesi-bilinmesi.jpg\" class=\"attachment-large size-large\" alt=\"\" decoding=\"async\" fetchpriority=\"high\" srcset=\"https:\/\/www.prodizayn.com.tr\/wp-content\/uploads\/2025\/04\/laminant-parke-oncesi-bilinmesi.jpg 800w, https:\/\/www.prodizayn.com.tr\/wp-content\/uploads\/2025\/04\/laminant-parke-oncesi-bilinmesi-430x323.jpg 430w, https:\/\/www.prodizayn.com.tr\/wp-content\/uploads\/2025\/04\/laminant-parke-oncesi-bilinmesi-150x113.jpg 150w, https:\/\/www.prodizayn.com.tr\/wp-content\/uploads\/2025\/04\/laminant-parke-oncesi-bilinmesi-700x525.jpg 700w, https:\/\/www.prodizayn.com.tr\/wp-content\/uploads\/2025\/04\/laminant-parke-oncesi-bilinmesi-400x300.jpg 400w, https:\/\/www.prodizayn.com.tr\/wp-content\/uploads\/2025\/04\/laminant-parke-oncesi-bilinmesi-768x576.jpg 768w\" sizes=\"(max-width: 800px) 100vw, 800px\" \/>\t\t\t\t\t<\/div>\n\t\t\t\t\t\t\t\t\t\t<a class=\"wd-fill\" tabindex=\"-1\" href=\"https:\/\/www.prodizayn.com.tr\/laminat-parke-oncesi-dikkat-etmeniz-gerekenler\/\" aria-label=\"Link on post Laminat Parke \u00d6ncesi Dikkat Etmeniz Gerekenler!\"><\/a>\n\t\t\t\t\n\t\t\t\t\t\t\t<\/div>\n\t\t\n\t\t<div class=\"wd-post-content article-body-container\">\n\t\t\t\t\t\t\t<div class=\"wd-post-cat wd-style-with-bg meta-post-categories\">\n\t\t\t\t\t<a href=\"https:\/\/www.prodizayn.com.tr\/category\/ahsap-dekorasyon\/\" rel=\"category tag\">Ah\u015fap Dekorasyon<\/a>, <a href=\"https:\/\/www.prodizayn.com.tr\/category\/estetik\/\" rel=\"category tag\">Estetik<\/a>, <a href=\"https:\/\/www.prodizayn.com.tr\/category\/laminat-parke\/\" rel=\"category tag\">Laminat Parke<\/a>\t\t\t\t<\/div>\n\t\t\t\n\t\t\t\t\t\t\t<h3 class=\"wd-post-title wd-entities-title title post-title\">\n\t\t\t\t\t<a href=\"https:\/\/www.prodizayn.com.tr\/laminat-parke-oncesi-dikkat-etmeniz-gerekenler\/\" rel=\"bookmark\">Laminat Parke \u00d6ncesi Dikkat Etmeniz Gerekenler!<\/a>\n\t\t\t\t<\/h3>\n\t\t\t\n\t\t\t\t\t\t\t<div class=\"wd-post-meta\">\n\t\t\t\t\t\t\t\t\t\t\t\t\t<link rel=\"stylesheet\" id=\"wd-blog-mod-author-css\" href=\"https:\/\/www.prodizayn.com.tr\/wp-content\/themes\/woodmart\/css\/parts\/blog-mod-author.min.css?ver=8.3.4\" type=\"text\/css\" media=\"all\" \/> \t\t\t\t\t\t\t\t<div class=\"wd-post-author\">\n\t\t\t\t\t\t\t\t\t\t\t<span>Posted by<\/span>\n\t\t\n\t\t\t\t\t\t\t\n\t\t\t\t\t<a href=\"https:\/\/www.prodizayn.com.tr\/author\/yasemin\/\" class=\"author\" rel=\"author\">Yasemin<\/a>\n\t\t\t\t\t\t\t\t\t<\/div>\n\t\t\t\t\t<div class=\"wd-modified-date\">\n\t\t\t\t\t\t\t\t<time class=\"updated\" datetime=\"2025-09-16T13:37:00+00:00\">\n\t\t\t16\/09\/2025\t\t<\/time>\n\t\t\t\t\t\t\t<\/div>\n\n\t\t\t\t\t\t\t\t\t\t\t<div tabindex=\"0\" class=\"wd-post-share wd-tltp\">\n\t\t\t\t\t\t\t<div class=\"tooltip top\">\n\t\t\t\t\t\t\t\t<div class=\"tooltip-inner\">\n\t\t\t\t\t\t\t\t\t\t\t\t<link rel=\"stylesheet\" id=\"wd-social-icons-css\" href=\"https:\/\/www.prodizayn.com.tr\/wp-content\/themes\/woodmart\/css\/parts\/el-social-icons.min.css?ver=8.3.4\" type=\"text\/css\" media=\"all\" \/> \t\t\t\t\t\t<div\n\t\t\t\t\t\tclass=\" wd-social-icons wd-style-default wd-size-small social-share wd-shape-circle color-scheme-light text-center\">\n\t\t\t\t\n\t\t\t\t\n\t\t\t\t\t\t\t\t\t<a rel=\"noopener noreferrer nofollow\" href=\"https:\/\/www.facebook.com\/sharer\/sharer.php?u=https:\/\/www.prodizayn.com.tr\/laminat-parke-oncesi-dikkat-etmeniz-gerekenler\/\" target=\"_blank\" class=\" wd-social-icon social-facebook\" aria-label=\"Facebook social link\">\n\t\t\t\t\t\t<span class=\"wd-icon\"><\/span>\n\t\t\t\t\t\t\t\t\t\t\t<\/a>\n\t\t\t\t\n\t\t\t\t\t\t\t\t\t<a rel=\"noopener noreferrer nofollow\" href=\"https:\/\/x.com\/share?url=https:\/\/www.prodizayn.com.tr\/laminat-parke-oncesi-dikkat-etmeniz-gerekenler\/\" target=\"_blank\" class=\" wd-social-icon social-twitter\" aria-label=\"X social link\">\n\t\t\t\t\t\t<span class=\"wd-icon\"><\/span>\n\t\t\t\t\t\t\t\t\t\t\t<\/a>\n\t\t\t\t\n\t\t\t\t\n\t\t\t\t\t\t\t\t\t<a rel=\"noopener noreferrer nofollow\" href=\"mailto:?subject=Check%20this%20https:\/\/www.prodizayn.com.tr\/laminat-parke-oncesi-dikkat-etmeniz-gerekenler\/\" target=\"_blank\" class=\" wd-social-icon social-email\" aria-label=\"Email social link\">\n\t\t\t\t\t\t<span class=\"wd-icon\"><\/span>\n\t\t\t\t\t\t\t\t\t\t\t<\/a>\n\t\t\t\t\n\t\t\t\t\n\t\t\t\t\n\t\t\t\t\n\t\t\t\t\n\t\t\t\t\n\t\t\t\t\t\t\t\t\t<a rel=\"noopener noreferrer nofollow\" href=\"https:\/\/www.linkedin.com\/shareArticle?mini=true&url=https:\/\/www.prodizayn.com.tr\/laminat-parke-oncesi-dikkat-etmeniz-gerekenler\/\" target=\"_blank\" class=\" wd-social-icon social-linkedin\" aria-label=\"Linkedin social link\">\n\t\t\t\t\t\t<span class=\"wd-icon\"><\/span>\n\t\t\t\t\t\t\t\t\t\t\t<\/a>\n\t\t\t\t\n\t\t\t\t\n\t\t\t\t\n\t\t\t\t\n\t\t\t\t\n\t\t\t\t\n\t\t\t\t\n\t\t\t\t\n\t\t\t\t\n\t\t\t\t\t\t\t\t\t<a rel=\"noopener noreferrer nofollow\" href=\"https:\/\/api.whatsapp.com\/send?text=https%3A%2F%2Fwww.prodizayn.com.tr%2Flaminat-parke-oncesi-dikkat-etmeniz-gerekenler%2F\" target=\"_blank\" class=\"wd-hide-md  wd-social-icon social-whatsapp\" aria-label=\"WhatsApp social link\">\n\t\t\t\t\t\t<span class=\"wd-icon\"><\/span>\n\t\t\t\t\t\t\t\t\t\t\t<\/a>\n\n\t\t\t\t\t<a rel=\"noopener noreferrer nofollow\" href=\"whatsapp:\/\/send?text=https%3A%2F%2Fwww.prodizayn.com.tr%2Flaminat-parke-oncesi-dikkat-etmeniz-gerekenler%2F\" target=\"_blank\" class=\"wd-hide-lg  wd-social-icon social-whatsapp\" aria-label=\"WhatsApp social link\">\n\t\t\t\t\t\t<span class=\"wd-icon\"><\/span>\n\t\t\t\t\t\t\t\t\t\t\t<\/a>\n\t\t\t\t\n\t\t\t\t\n\t\t\t\t\n\t\t\t\t\n\t\t\t\t\n\t\t\t\t\n\t\t\t\t\n\t\t\t\t\n\t\t\t<\/div>\n\n\t\t\t\t\t\t\t\t\t\t<\/div>\n\t\t\t\t\t\t\t\t<div class=\"tooltip-arrow\"><\/div>\n\t\t\t\t\t\t\t<\/div>\n\t\t\t\t\t\t<\/div>\n\t\t\t\t\t\n\t\t\t\t\t\t\t\t\t<\/div>\n\t\t\t\n\t\t\t\t\t\t\t\t\t\t\t\t<div class=\"wd-post-excerpt entry-content\">\n\t\t\t\t\t\tLaminat Parke \u00d6ncesi Dikkat Etmeniz Gerekenler\u00a0\"Uygulama esnas\u0131nda dikkat edilecek unsurlar\u00a0Laminat parke\u00a0d\u00f6\u015feme \u00f6ncesi a\u015fa\u011f\u0131...\t\t\t\t\t<\/div>\n\t\t\t\t\n\t\t\t\t\t\t\t\t\t\t\t\t\t\t<div class=\"wd-post-read-more wd-style-link read-more-section\">\n\t\t\t\t\t\t<a class=\"\" href=\"https:\/\/www.prodizayn.com.tr\/laminat-parke-oncesi-dikkat-etmeniz-gerekenler\/\">Continue reading<\/a>\t\t\t\t\t<\/div>\n\t\t\t\t\t\t\t\t\t\t\t\t\t<\/div>\n\t<\/div>\n<\/article>\n\n\t\t\t\t\t\t\t\t\t\t\t\n<article id=\"post-20306\" class=\"wd-post blog-design-chess blog-post-loop blog-design-small-images blog-style-bg wd-add-shadow wd-col post-20306 post type-post status-publish format-standard has-post-thumbnail hentry category-ahsap-dekorasyon category-estetik category-lvt tag-berry-alloc tag-berry-alloc-prodizayn tag-berry-alloc-turkiye tag-desenli-pvc tag-high-pressure-laminate tag-kaucuk-zemin-kaplama tag-kilit-sistem-parke tag-laminat-parke tag-lamine-parke tag-lvt tag-neden-pvc-zemin-kaplama-tercih-etmeliyim tag-parke-bakimi tag-plastik-zemin-kaplama-malzemeleri tag-prodizayn tag-prodizayn-laminat-parke tag-prodizayn-lamine-parke tag-prodizayn-zemin-dosemesi tag-prodizayn-zemin-kaplama tag-pvc-kullanim-alanlari tag-pvc-yer-kaplamanin-ozellikleri tag-pvc-zemin tag-pvc-zemin-kaplama tag-pvc-zemin-kaplama-kullaniminda-puf-noktalar tag-pvc-zemin-kaplama-kullanirken-nelere-dikkat-edilmelidir tag-saglikli-parke tag-ticari-vinil-zemin-kaplamalari tag-trend-zemin-sistemleri tag-vct tag-vinil tag-vinil-kaplama tag-vinil-kaplama-nedir tag-vinil-zemin tag-vinil-zemin-kaplama-malzemeleri tag-yer-dosemesi tag-zemin tag-zemin-kaplama tag-zemin-sistemleri\">\n\t<div class=\"wd-post-inner article-inner\">\n\t\t\t\t\t<div class=\"wd-post-thumb entry-header\">\n\t\t\t\t\t\t\t\t\t<div class=\"wd-post-img post-img-wrapp\">\n\t\t\t\t\t\t<img width=\"800\" height=\"600\" src=\"https:\/\/www.prodizayn.com.tr\/wp-content\/uploads\/2025\/04\/neden-pvc-zemin-kaplama-tercih.jpg\" class=\"attachment-large size-large\" alt=\"\" decoding=\"async\" srcset=\"https:\/\/www.prodizayn.com.tr\/wp-content\/uploads\/2025\/04\/neden-pvc-zemin-kaplama-tercih.jpg 800w, https:\/\/www.prodizayn.com.tr\/wp-content\/uploads\/2025\/04\/neden-pvc-zemin-kaplama-tercih-430x323.jpg 430w, https:\/\/www.prodizayn.com.tr\/wp-content\/uploads\/2025\/04\/neden-pvc-zemin-kaplama-tercih-150x113.jpg 150w, https:\/\/www.prodizayn.com.tr\/wp-content\/uploads\/2025\/04\/neden-pvc-zemin-kaplama-tercih-700x525.jpg 700w, https:\/\/www.prodizayn.com.tr\/wp-content\/uploads\/2025\/04\/neden-pvc-zemin-kaplama-tercih-400x300.jpg 400w, https:\/\/www.prodizayn.com.tr\/wp-content\/uploads\/2025\/04\/neden-pvc-zemin-kaplama-tercih-768x576.jpg 768w\" sizes=\"(max-width: 800px) 100vw, 800px\" \/>\t\t\t\t\t<\/div>\n\t\t\t\t\t\t\t\t\t\t<a class=\"wd-fill\" tabindex=\"-1\" href=\"https:\/\/www.prodizayn.com.tr\/neden-pvc-zemin-kaplama-tercih-etmeliyim\/\" aria-label=\"Link on post Neden Pvc Zemin Kaplama Tercih Etmeliyim?\"><\/a>\n\t\t\t\t\n\t\t\t\t\t\t\t<\/div>\n\t\t\n\t\t<div class=\"wd-post-content article-body-container\">\n\t\t\t\t\t\t\t<div class=\"wd-post-cat wd-style-with-bg meta-post-categories\">\n\t\t\t\t\t<a href=\"https:\/\/www.prodizayn.com.tr\/category\/ahsap-dekorasyon\/\" rel=\"category tag\">Ah\u015fap Dekorasyon<\/a>, <a href=\"https:\/\/www.prodizayn.com.tr\/category\/estetik\/\" rel=\"category tag\">Estetik<\/a>, <a href=\"https:\/\/www.prodizayn.com.tr\/category\/lvt\/\" rel=\"category tag\">Lvt<\/a>\t\t\t\t<\/div>\n\t\t\t\n\t\t\t\t\t\t\t<h3 class=\"wd-post-title wd-entities-title title post-title\">\n\t\t\t\t\t<a href=\"https:\/\/www.prodizayn.com.tr\/neden-pvc-zemin-kaplama-tercih-etmeliyim\/\" rel=\"bookmark\">Neden Pvc Zemin Kaplama Tercih Etmeliyim?<\/a>\n\t\t\t\t<\/h3>\n\t\t\t\n\t\t\t\t\t\t\t<div class=\"wd-post-meta\">\n\t\t\t\t\t\t\t\t\t\t\t\t\t\t\t<div class=\"wd-post-author\">\n\t\t\t\t\t\t\t\t\t\t\t<span>Posted by<\/span>\n\t\t\n\t\t\t\t\t\t\t\n\t\t\t\t\t<a href=\"https:\/\/www.prodizayn.com.tr\/author\/yasemin\/\" class=\"author\" rel=\"author\">Yasemin<\/a>\n\t\t\t\t\t\t\t\t\t<\/div>\n\t\t\t\t\t<div class=\"wd-modified-date\">\n\t\t\t\t\t\t\t\t<time class=\"updated\" datetime=\"2025-09-16T14:06:18+00:00\">\n\t\t\t16\/09\/2025\t\t<\/time>\n\t\t\t\t\t\t\t<\/div>\n\n\t\t\t\t\t\t\t\t\t\t\t<div tabindex=\"0\" class=\"wd-post-share wd-tltp\">\n\t\t\t\t\t\t\t<div class=\"tooltip top\">\n\t\t\t\t\t\t\t\t<div class=\"tooltip-inner\">\n\t\t\t\t\t\t\t\t\t\t\t\t<div\n\t\t\t\t\t\tclass=\" wd-social-icons wd-style-default wd-size-small social-share wd-shape-circle color-scheme-light text-center\">\n\t\t\t\t\n\t\t\t\t\n\t\t\t\t\t\t\t\t\t<a rel=\"noopener noreferrer nofollow\" href=\"https:\/\/www.facebook.com\/sharer\/sharer.php?u=https:\/\/www.prodizayn.com.tr\/neden-pvc-zemin-kaplama-tercih-etmeliyim\/\" target=\"_blank\" class=\" wd-social-icon social-facebook\" aria-label=\"Facebook social link\">\n\t\t\t\t\t\t<span class=\"wd-icon\"><\/span>\n\t\t\t\t\t\t\t\t\t\t\t<\/a>\n\t\t\t\t\n\t\t\t\t\t\t\t\t\t<a rel=\"noopener noreferrer nofollow\" href=\"https:\/\/x.com\/share?url=https:\/\/www.prodizayn.com.tr\/neden-pvc-zemin-kaplama-tercih-etmeliyim\/\" target=\"_blank\" class=\" wd-social-icon social-twitter\" aria-label=\"X social link\">\n\t\t\t\t\t\t<span class=\"wd-icon\"><\/span>\n\t\t\t\t\t\t\t\t\t\t\t<\/a>\n\t\t\t\t\n\t\t\t\t\n\t\t\t\t\t\t\t\t\t<a rel=\"noopener noreferrer nofollow\" href=\"mailto:?subject=Check%20this%20https:\/\/www.prodizayn.com.tr\/neden-pvc-zemin-kaplama-tercih-etmeliyim\/\" target=\"_blank\" class=\" wd-social-icon social-email\" aria-label=\"Email social link\">\n\t\t\t\t\t\t<span class=\"wd-icon\"><\/span>\n\t\t\t\t\t\t\t\t\t\t\t<\/a>\n\t\t\t\t\n\t\t\t\t\n\t\t\t\t\n\t\t\t\t\n\t\t\t\t\n\t\t\t\t\n\t\t\t\t\t\t\t\t\t<a rel=\"noopener noreferrer nofollow\" href=\"https:\/\/www.linkedin.com\/shareArticle?mini=true&url=https:\/\/www.prodizayn.com.tr\/neden-pvc-zemin-kaplama-tercih-etmeliyim\/\" target=\"_blank\" class=\" wd-social-icon social-linkedin\" aria-label=\"Linkedin social link\">\n\t\t\t\t\t\t<span class=\"wd-icon\"><\/span>\n\t\t\t\t\t\t\t\t\t\t\t<\/a>\n\t\t\t\t\n\t\t\t\t\n\t\t\t\t\n\t\t\t\t\n\t\t\t\t\n\t\t\t\t\n\t\t\t\t\n\t\t\t\t\n\t\t\t\t\n\t\t\t\t\t\t\t\t\t<a rel=\"noopener noreferrer nofollow\" href=\"https:\/\/api.whatsapp.com\/send?text=https%3A%2F%2Fwww.prodizayn.com.tr%2Fneden-pvc-zemin-kaplama-tercih-etmeliyim%2F\" target=\"_blank\" class=\"wd-hide-md  wd-social-icon social-whatsapp\" aria-label=\"WhatsApp social link\">\n\t\t\t\t\t\t<span class=\"wd-icon\"><\/span>\n\t\t\t\t\t\t\t\t\t\t\t<\/a>\n\n\t\t\t\t\t<a rel=\"noopener noreferrer nofollow\" href=\"whatsapp:\/\/send?text=https%3A%2F%2Fwww.prodizayn.com.tr%2Fneden-pvc-zemin-kaplama-tercih-etmeliyim%2F\" target=\"_blank\" class=\"wd-hide-lg  wd-social-icon social-whatsapp\" aria-label=\"WhatsApp social link\">\n\t\t\t\t\t\t<span class=\"wd-icon\"><\/span>\n\t\t\t\t\t\t\t\t\t\t\t<\/a>\n\t\t\t\t\n\t\t\t\t\n\t\t\t\t\n\t\t\t\t\n\t\t\t\t\n\t\t\t\t\n\t\t\t\t\n\t\t\t\t\n\t\t\t<\/div>\n\n\t\t\t\t\t\t\t\t\t\t<\/div>\n\t\t\t\t\t\t\t\t<div class=\"tooltip-arrow\"><\/div>\n\t\t\t\t\t\t\t<\/div>\n\t\t\t\t\t\t<\/div>\n\t\t\t\t\t\n\t\t\t\t\t\t\t\t\t<\/div>\n\t\t\t\n\t\t\t\t\t\t\t\t\t\t\t\t<div class=\"wd-post-excerpt entry-content\">\n\t\t\t\t\t\tPVC Zemin Kaplamalar\u0131Bir\u00e7ok zemin kaplama t\u00fcr\u00fc (laminat parke\u00a0ve\u00a0lamine parke)\u00a0oldu\u011funu art\u0131k biliyorsunuz.\u00a0Pvc zemin kaplama...\t\t\t\t\t<\/div>\n\t\t\t\t\n\t\t\t\t\t\t\t\t\t\t\t\t\t\t<div class=\"wd-post-read-more wd-style-link read-more-section\">\n\t\t\t\t\t\t<a class=\"\" href=\"https:\/\/www.prodizayn.com.tr\/neden-pvc-zemin-kaplama-tercih-etmeliyim\/\">Continue reading<\/a>\t\t\t\t\t<\/div>\n\t\t\t\t\t\t\t\t\t\t\t\t\t<\/div>\n\t<\/div>\n<\/article>\n\n\t\t\t\t\t\t\t\t\t\t\t\n<article id=\"post-20300\" class=\"wd-post blog-design-chess blog-post-loop blog-design-small-images blog-style-bg wd-add-shadow wd-col post-20300 post type-post status-publish format-standard has-post-thumbnail hentry category-ahsap-dekorasyon category-estetik category-lvt tag-berry-alloc tag-berry-alloc-prodizayn tag-berry-alloc-turkiye tag-desenli-pvc tag-high-pressure-laminate tag-kaucuk-zemin-kaplama tag-kilit-sistem-parke tag-laminat-parke tag-lamine-parke tag-lvt tag-neden-pvc-zemin-kaplama-tercih-etmeliyim tag-parke-bakimi tag-prodizayn tag-prodizayn-laminat-parke tag-prodizayn-lamine-parke tag-prodizayn-zemin-dosemesi tag-prodizayn-zemin-kaplama tag-pvc-zemin tag-pvc-zemin-kaplama tag-pvc-zemin-kaplama-kullaniminda-puf-noktalar tag-pvc-zemin-kaplama-kullanirken-nelere-dikkat-edilmelidir tag-saglikli-parke tag-ticari-vinil-zemin-kaplamalari tag-trend-zemin-sistemleri tag-vct tag-vinil tag-vinil-kaplama tag-vinil-kaplama-nedir tag-vinil-zemin tag-yer-dosemesi tag-zemin tag-zemin-kaplama tag-zemin-sistemleri\">\n\t<div class=\"wd-post-inner article-inner\">\n\t\t\t\t\t<div class=\"wd-post-thumb entry-header\">\n\t\t\t\t\t\t\t\t\t<div class=\"wd-post-img post-img-wrapp\">\n\t\t\t\t\t\t<img width=\"800\" height=\"600\" src=\"https:\/\/www.prodizayn.com.tr\/wp-content\/uploads\/2025\/04\/pvc-zemin-kullaniminda-puf-noktalar.jpg\" class=\"attachment-large size-large\" alt=\"\" decoding=\"async\" loading=\"lazy\" srcset=\"https:\/\/www.prodizayn.com.tr\/wp-content\/uploads\/2025\/04\/pvc-zemin-kullaniminda-puf-noktalar.jpg 800w, https:\/\/www.prodizayn.com.tr\/wp-content\/uploads\/2025\/04\/pvc-zemin-kullaniminda-puf-noktalar-430x323.jpg 430w, https:\/\/www.prodizayn.com.tr\/wp-content\/uploads\/2025\/04\/pvc-zemin-kullaniminda-puf-noktalar-150x113.jpg 150w, https:\/\/www.prodizayn.com.tr\/wp-content\/uploads\/2025\/04\/pvc-zemin-kullaniminda-puf-noktalar-700x525.jpg 700w, https:\/\/www.prodizayn.com.tr\/wp-content\/uploads\/2025\/04\/pvc-zemin-kullaniminda-puf-noktalar-400x300.jpg 400w, https:\/\/www.prodizayn.com.tr\/wp-content\/uploads\/2025\/04\/pvc-zemin-kullaniminda-puf-noktalar-768x576.jpg 768w\" sizes=\"auto, (max-width: 800px) 100vw, 800px\" \/>\t\t\t\t\t<\/div>\n\t\t\t\t\t\t\t\t\t\t<a class=\"wd-fill\" tabindex=\"-1\" href=\"https:\/\/www.prodizayn.com.tr\/pvc-zemin-kaplama-kullaniminda-puf-noktalar\/\" aria-label=\"Link on post Pvc Zemin Kaplama Kullan\u0131m\u0131nda P\u00fcf Noktalar\"><\/a>\n\t\t\t\t\n\t\t\t\t\t\t\t<\/div>\n\t\t\n\t\t<div class=\"wd-post-content article-body-container\">\n\t\t\t\t\t\t\t<div class=\"wd-post-cat wd-style-with-bg meta-post-categories\">\n\t\t\t\t\t<a href=\"https:\/\/www.prodizayn.com.tr\/category\/ahsap-dekorasyon\/\" rel=\"category tag\">Ah\u015fap Dekorasyon<\/a>, <a href=\"https:\/\/www.prodizayn.com.tr\/category\/estetik\/\" rel=\"category tag\">Estetik<\/a>, <a href=\"https:\/\/www.prodizayn.com.tr\/category\/lvt\/\" rel=\"category tag\">Lvt<\/a>\t\t\t\t<\/div>\n\t\t\t\n\t\t\t\t\t\t\t<h3 class=\"wd-post-title wd-entities-title title post-title\">\n\t\t\t\t\t<a href=\"https:\/\/www.prodizayn.com.tr\/pvc-zemin-kaplama-kullaniminda-puf-noktalar\/\" rel=\"bookmark\">Pvc Zemin Kaplama Kullan\u0131m\u0131nda P\u00fcf Noktalar<\/a>\n\t\t\t\t<\/h3>\n\t\t\t\n\t\t\t\t\t\t\t<div class=\"wd-post-meta\">\n\t\t\t\t\t\t\t\t\t\t\t\t\t\t\t<div class=\"wd-post-author\">\n\t\t\t\t\t\t\t\t\t\t\t<span>Posted by<\/span>\n\t\t\n\t\t\t\t\t\t\t\n\t\t\t\t\t<a href=\"https:\/\/www.prodizayn.com.tr\/author\/yasemin\/\" class=\"author\" rel=\"author\">Yasemin<\/a>\n\t\t\t\t\t\t\t\t\t<\/div>\n\t\t\t\t\t<div class=\"wd-modified-date\">\n\t\t\t\t\t\t\t\t<time class=\"updated\" datetime=\"2025-09-16T14:12:25+00:00\">\n\t\t\t16\/09\/2025\t\t<\/time>\n\t\t\t\t\t\t\t<\/div>\n\n\t\t\t\t\t\t\t\t\t\t\t<div tabindex=\"0\" class=\"wd-post-share wd-tltp\">\n\t\t\t\t\t\t\t<div class=\"tooltip top\">\n\t\t\t\t\t\t\t\t<div class=\"tooltip-inner\">\n\t\t\t\t\t\t\t\t\t\t\t\t<div\n\t\t\t\t\t\tclass=\" wd-social-icons wd-style-default wd-size-small social-share wd-shape-circle color-scheme-light text-center\">\n\t\t\t\t\n\t\t\t\t\n\t\t\t\t\t\t\t\t\t<a rel=\"noopener noreferrer nofollow\" href=\"https:\/\/www.facebook.com\/sharer\/sharer.php?u=https:\/\/www.prodizayn.com.tr\/pvc-zemin-kaplama-kullaniminda-puf-noktalar\/\" target=\"_blank\" class=\" wd-social-icon social-facebook\" aria-label=\"Facebook social link\">\n\t\t\t\t\t\t<span class=\"wd-icon\"><\/span>\n\t\t\t\t\t\t\t\t\t\t\t<\/a>\n\t\t\t\t\n\t\t\t\t\t\t\t\t\t<a rel=\"noopener noreferrer nofollow\" href=\"https:\/\/x.com\/share?url=https:\/\/www.prodizayn.com.tr\/pvc-zemin-kaplama-kullaniminda-puf-noktalar\/\" target=\"_blank\" class=\" wd-social-icon social-twitter\" aria-label=\"X social link\">\n\t\t\t\t\t\t<span class=\"wd-icon\"><\/span>\n\t\t\t\t\t\t\t\t\t\t\t<\/a>\n\t\t\t\t\n\t\t\t\t\n\t\t\t\t\t\t\t\t\t<a rel=\"noopener noreferrer nofollow\" href=\"mailto:?subject=Check%20this%20https:\/\/www.prodizayn.com.tr\/pvc-zemin-kaplama-kullaniminda-puf-noktalar\/\" target=\"_blank\" class=\" wd-social-icon social-email\" aria-label=\"Email social link\">\n\t\t\t\t\t\t<span class=\"wd-icon\"><\/span>\n\t\t\t\t\t\t\t\t\t\t\t<\/a>\n\t\t\t\t\n\t\t\t\t\n\t\t\t\t\n\t\t\t\t\n\t\t\t\t\n\t\t\t\t\n\t\t\t\t\t\t\t\t\t<a rel=\"noopener noreferrer nofollow\" href=\"https:\/\/www.linkedin.com\/shareArticle?mini=true&url=https:\/\/www.prodizayn.com.tr\/pvc-zemin-kaplama-kullaniminda-puf-noktalar\/\" target=\"_blank\" class=\" wd-social-icon social-linkedin\" aria-label=\"Linkedin social link\">\n\t\t\t\t\t\t<span class=\"wd-icon\"><\/span>\n\t\t\t\t\t\t\t\t\t\t\t<\/a>\n\t\t\t\t\n\t\t\t\t\n\t\t\t\t\n\t\t\t\t\n\t\t\t\t\n\t\t\t\t\n\t\t\t\t\n\t\t\t\t\n\t\t\t\t\n\t\t\t\t\t\t\t\t\t<a rel=\"noopener noreferrer nofollow\" href=\"https:\/\/api.whatsapp.com\/send?text=https%3A%2F%2Fwww.prodizayn.com.tr%2Fpvc-zemin-kaplama-kullaniminda-puf-noktalar%2F\" target=\"_blank\" class=\"wd-hide-md  wd-social-icon social-whatsapp\" aria-label=\"WhatsApp social link\">\n\t\t\t\t\t\t<span class=\"wd-icon\"><\/span>\n\t\t\t\t\t\t\t\t\t\t\t<\/a>\n\n\t\t\t\t\t<a rel=\"noopener noreferrer nofollow\" href=\"whatsapp:\/\/send?text=https%3A%2F%2Fwww.prodizayn.com.tr%2Fpvc-zemin-kaplama-kullaniminda-puf-noktalar%2F\" target=\"_blank\" class=\"wd-hide-lg  wd-social-icon social-whatsapp\" aria-label=\"WhatsApp social link\">\n\t\t\t\t\t\t<span class=\"wd-icon\"><\/span>\n\t\t\t\t\t\t\t\t\t\t\t<\/a>\n\t\t\t\t\n\t\t\t\t\n\t\t\t\t\n\t\t\t\t\n\t\t\t\t\n\t\t\t\t\n\t\t\t\t\n\t\t\t\t\n\t\t\t<\/div>\n\n\t\t\t\t\t\t\t\t\t\t<\/div>\n\t\t\t\t\t\t\t\t<div class=\"tooltip-arrow\"><\/div>\n\t\t\t\t\t\t\t<\/div>\n\t\t\t\t\t\t<\/div>\n\t\t\t\t\t\n\t\t\t\t\t\t\t\t\t<\/div>\n\t\t\t\n\t\t\t\t\t\t\t\t\t\t\t\t<div class=\"wd-post-excerpt entry-content\">\n\t\t\t\t\t\tZemin kaplama sistemleri aras\u0131nda tarz\u0131, avantajlar\u0131 ve g\u00f6rselli\u011fi ile tercih edilme oran\u0131 git gide y\u00fckselen&nbsp;PVC Zeminle...\t\t\t\t\t<\/div>\n\t\t\t\t\n\t\t\t\t\t\t\t\t\t\t\t\t\t\t<div class=\"wd-post-read-more wd-style-link read-more-section\">\n\t\t\t\t\t\t<a class=\"\" href=\"https:\/\/www.prodizayn.com.tr\/pvc-zemin-kaplama-kullaniminda-puf-noktalar\/\">Continue reading<\/a>\t\t\t\t\t<\/div>\n\t\t\t\t\t\t\t\t\t\t\t\t\t<\/div>\n\t<\/div>\n<\/article>\n\n\t\t\t\t\t\t\t\t\t\t\t\n<article id=\"post-20295\" class=\"wd-post blog-design-chess blog-post-loop blog-design-small-images blog-style-bg wd-add-shadow wd-col post-20295 post type-post status-publish format-standard has-post-thumbnail hentry category-ahsap-dekorasyon category-estetik category-lvt tag-berry-alloc tag-berry-alloc-prodizayn tag-berry-alloc-turkiye tag-high-pressure-laminate tag-kilit-sistem-parke tag-laminat-parke tag-lamine-parke tag-lvt tag-parke-bakimi tag-prodizayn tag-prodizayn-laminat-parke tag-prodizayn-lamine-parke tag-prodizayn-zemin-dosemesi tag-prodizayn-zemin-kaplama tag-pvc-zemin-kaplama tag-saglikli-parke tag-ticari-vinil-zemin-kaplamalari tag-trend-zemin-sistemleri tag-vct tag-vinil tag-vinil-kaplama tag-vinil-kaplama-nedir tag-vinil-zemin tag-yer-dosemesi tag-zemin tag-zemin-kaplama tag-zemin-sistemleri\">\n\t<div class=\"wd-post-inner article-inner\">\n\t\t\t\t\t<div class=\"wd-post-thumb entry-header\">\n\t\t\t\t\t\t\t\t\t<div class=\"wd-post-img post-img-wrapp\">\n\t\t\t\t\t\t<img width=\"800\" height=\"600\" src=\"https:\/\/www.prodizayn.com.tr\/wp-content\/uploads\/2025\/04\/ticari-vinil-zemin-kaplamalari.jpg\" class=\"attachment-large size-large\" alt=\"\" decoding=\"async\" loading=\"lazy\" srcset=\"https:\/\/www.prodizayn.com.tr\/wp-content\/uploads\/2025\/04\/ticari-vinil-zemin-kaplamalari.jpg 800w, https:\/\/www.prodizayn.com.tr\/wp-content\/uploads\/2025\/04\/ticari-vinil-zemin-kaplamalari-430x323.jpg 430w, https:\/\/www.prodizayn.com.tr\/wp-content\/uploads\/2025\/04\/ticari-vinil-zemin-kaplamalari-150x113.jpg 150w, https:\/\/www.prodizayn.com.tr\/wp-content\/uploads\/2025\/04\/ticari-vinil-zemin-kaplamalari-700x525.jpg 700w, https:\/\/www.prodizayn.com.tr\/wp-content\/uploads\/2025\/04\/ticari-vinil-zemin-kaplamalari-400x300.jpg 400w, https:\/\/www.prodizayn.com.tr\/wp-content\/uploads\/2025\/04\/ticari-vinil-zemin-kaplamalari-768x576.jpg 768w\" sizes=\"auto, (max-width: 800px) 100vw, 800px\" \/>\t\t\t\t\t<\/div>\n\t\t\t\t\t\t\t\t\t\t<a class=\"wd-fill\" tabindex=\"-1\" href=\"https:\/\/www.prodizayn.com.tr\/ticari-vinil-zemin-kaplamalari\/\" aria-label=\"Link on post Ticari Vinil Zemin Kaplamalar\u0131\"><\/a>\n\t\t\t\t\n\t\t\t\t\t\t\t<\/div>\n\t\t\n\t\t<div class=\"wd-post-content article-body-container\">\n\t\t\t\t\t\t\t<div class=\"wd-post-cat wd-style-with-bg meta-post-categories\">\n\t\t\t\t\t<a href=\"https:\/\/www.prodizayn.com.tr\/category\/ahsap-dekorasyon\/\" rel=\"category tag\">Ah\u015fap Dekorasyon<\/a>, <a href=\"https:\/\/www.prodizayn.com.tr\/category\/estetik\/\" rel=\"category tag\">Estetik<\/a>, <a href=\"https:\/\/www.prodizayn.com.tr\/category\/lvt\/\" rel=\"category tag\">Lvt<\/a>\t\t\t\t<\/div>\n\t\t\t\n\t\t\t\t\t\t\t<h3 class=\"wd-post-title wd-entities-title title post-title\">\n\t\t\t\t\t<a href=\"https:\/\/www.prodizayn.com.tr\/ticari-vinil-zemin-kaplamalari\/\" rel=\"bookmark\">Ticari Vinil Zemin Kaplamalar\u0131<\/a>\n\t\t\t\t<\/h3>\n\t\t\t\n\t\t\t\t\t\t\t<div class=\"wd-post-meta\">\n\t\t\t\t\t\t\t\t\t\t\t\t\t\t\t<div class=\"wd-post-author\">\n\t\t\t\t\t\t\t\t\t\t\t<span>Posted by<\/span>\n\t\t\n\t\t\t\t\t\t\t\n\t\t\t\t\t<a href=\"https:\/\/www.prodizayn.com.tr\/author\/yasemin\/\" class=\"author\" rel=\"author\">Yasemin<\/a>\n\t\t\t\t\t\t\t\t\t<\/div>\n\t\t\t\t\t<div class=\"wd-modified-date\">\n\t\t\t\t\t\t\t\t<time class=\"updated\" datetime=\"2025-09-16T14:21:48+00:00\">\n\t\t\t16\/09\/2025\t\t<\/time>\n\t\t\t\t\t\t\t<\/div>\n\n\t\t\t\t\t\t\t\t\t\t\t<div tabindex=\"0\" class=\"wd-post-share wd-tltp\">\n\t\t\t\t\t\t\t<div class=\"tooltip top\">\n\t\t\t\t\t\t\t\t<div class=\"tooltip-inner\">\n\t\t\t\t\t\t\t\t\t\t\t\t<div\n\t\t\t\t\t\tclass=\" wd-social-icons wd-style-default wd-size-small social-share wd-shape-circle color-scheme-light text-center\">\n\t\t\t\t\n\t\t\t\t\n\t\t\t\t\t\t\t\t\t<a rel=\"noopener noreferrer nofollow\" href=\"https:\/\/www.facebook.com\/sharer\/sharer.php?u=https:\/\/www.prodizayn.com.tr\/ticari-vinil-zemin-kaplamalari\/\" target=\"_blank\" class=\" wd-social-icon social-facebook\" aria-label=\"Facebook social link\">\n\t\t\t\t\t\t<span class=\"wd-icon\"><\/span>\n\t\t\t\t\t\t\t\t\t\t\t<\/a>\n\t\t\t\t\n\t\t\t\t\t\t\t\t\t<a rel=\"noopener noreferrer nofollow\" href=\"https:\/\/x.com\/share?url=https:\/\/www.prodizayn.com.tr\/ticari-vinil-zemin-kaplamalari\/\" target=\"_blank\" class=\" wd-social-icon social-twitter\" aria-label=\"X social link\">\n\t\t\t\t\t\t<span class=\"wd-icon\"><\/span>\n\t\t\t\t\t\t\t\t\t\t\t<\/a>\n\t\t\t\t\n\t\t\t\t\n\t\t\t\t\t\t\t\t\t<a rel=\"noopener noreferrer nofollow\" href=\"mailto:?subject=Check%20this%20https:\/\/www.prodizayn.com.tr\/ticari-vinil-zemin-kaplamalari\/\" target=\"_blank\" class=\" wd-social-icon social-email\" aria-label=\"Email social link\">\n\t\t\t\t\t\t<span class=\"wd-icon\"><\/span>\n\t\t\t\t\t\t\t\t\t\t\t<\/a>\n\t\t\t\t\n\t\t\t\t\n\t\t\t\t\n\t\t\t\t\n\t\t\t\t\n\t\t\t\t\n\t\t\t\t\t\t\t\t\t<a rel=\"noopener noreferrer nofollow\" href=\"https:\/\/www.linkedin.com\/shareArticle?mini=true&url=https:\/\/www.prodizayn.com.tr\/ticari-vinil-zemin-kaplamalari\/\" target=\"_blank\" class=\" wd-social-icon social-linkedin\" aria-label=\"Linkedin social link\">\n\t\t\t\t\t\t<span class=\"wd-icon\"><\/span>\n\t\t\t\t\t\t\t\t\t\t\t<\/a>\n\t\t\t\t\n\t\t\t\t\n\t\t\t\t\n\t\t\t\t\n\t\t\t\t\n\t\t\t\t\n\t\t\t\t\n\t\t\t\t\n\t\t\t\t\n\t\t\t\t\t\t\t\t\t<a rel=\"noopener noreferrer nofollow\" href=\"https:\/\/api.whatsapp.com\/send?text=https%3A%2F%2Fwww.prodizayn.com.tr%2Fticari-vinil-zemin-kaplamalari%2F\" target=\"_blank\" class=\"wd-hide-md  wd-social-icon social-whatsapp\" aria-label=\"WhatsApp social link\">\n\t\t\t\t\t\t<span class=\"wd-icon\"><\/span>\n\t\t\t\t\t\t\t\t\t\t\t<\/a>\n\n\t\t\t\t\t<a rel=\"noopener noreferrer nofollow\" href=\"whatsapp:\/\/send?text=https%3A%2F%2Fwww.prodizayn.com.tr%2Fticari-vinil-zemin-kaplamalari%2F\" target=\"_blank\" class=\"wd-hide-lg  wd-social-icon social-whatsapp\" aria-label=\"WhatsApp social link\">\n\t\t\t\t\t\t<span class=\"wd-icon\"><\/span>\n\t\t\t\t\t\t\t\t\t\t\t<\/a>\n\t\t\t\t\n\t\t\t\t\n\t\t\t\t\n\t\t\t\t\n\t\t\t\t\n\t\t\t\t\n\t\t\t\t\n\t\t\t\t\n\t\t\t<\/div>\n\n\t\t\t\t\t\t\t\t\t\t<\/div>\n\t\t\t\t\t\t\t\t<div class=\"tooltip-arrow\"><\/div>\n\t\t\t\t\t\t\t<\/div>\n\t\t\t\t\t\t<\/div>\n\t\t\t\t\t\n\t\t\t\t\t\t\t\t\t<\/div>\n\t\t\t\n\t\t\t\t\t\t\t\t\t\t\t\t<div class=\"wd-post-excerpt entry-content\">\n\t\t\t\t\t\tEskiden her yerde\u00a0laminat parke\u00a0ve\u00a0lamine parkeler\u00a0g\u00f6r\u00fcyorken neden \u015fuan her yerde\u00a0Ticari vinil zemin kaplamalar\u0131n\u0131 g\u00f6rebiliy...\t\t\t\t\t<\/div>\n\t\t\t\t\n\t\t\t\t\t\t\t\t\t\t\t\t\t\t<div class=\"wd-post-read-more wd-style-link read-more-section\">\n\t\t\t\t\t\t<a class=\"\" href=\"https:\/\/www.prodizayn.com.tr\/ticari-vinil-zemin-kaplamalari\/\">Continue reading<\/a>\t\t\t\t\t<\/div>\n\t\t\t\t\t\t\t\t\t\t\t\t\t<\/div>\n\t<\/div>\n<\/article>\n\n\t\t\t\t\t\t\t\t\t\t\t\n<article id=\"post-19158\" class=\"wd-post blog-design-chess blog-post-loop blog-design-small-images blog-style-bg wd-add-shadow wd-col post-19158 post type-post status-publish format-standard has-post-thumbnail hentry category-estetik category-lvt tag-berry-alloc tag-istanbul-zemin-kaplama tag-neden-pvc-zemin-kaplama tag-prodizayn tag-pvc-zemin-kaplama tag-pvc-zemin-kaplama-istanbul tag-pvc-zemin-kaplamanin-avantajlari tag-turkiye-zemin-kaplama tag-vinil tag-yer-dosemesi tag-zemin-doseme tag-zemin-kaplama tag-zemin-kaplama-prodizayn\">\n\t<div class=\"wd-post-inner article-inner\">\n\t\t\t\t\t<div class=\"wd-post-thumb entry-header\">\n\t\t\t\t\t\t\t\t\t<div class=\"wd-post-img post-img-wrapp\">\n\t\t\t\t\t\t<img width=\"800\" height=\"600\" src=\"https:\/\/www.prodizayn.com.tr\/wp-content\/uploads\/2025\/04\/huzur-veren-zeminler.jpg\" class=\"attachment-large size-large\" alt=\"\" decoding=\"async\" loading=\"lazy\" srcset=\"https:\/\/www.prodizayn.com.tr\/wp-content\/uploads\/2025\/04\/huzur-veren-zeminler.jpg 800w, https:\/\/www.prodizayn.com.tr\/wp-content\/uploads\/2025\/04\/huzur-veren-zeminler-430x323.jpg 430w, https:\/\/www.prodizayn.com.tr\/wp-content\/uploads\/2025\/04\/huzur-veren-zeminler-150x113.jpg 150w, https:\/\/www.prodizayn.com.tr\/wp-content\/uploads\/2025\/04\/huzur-veren-zeminler-700x525.jpg 700w, https:\/\/www.prodizayn.com.tr\/wp-content\/uploads\/2025\/04\/huzur-veren-zeminler-400x300.jpg 400w, https:\/\/www.prodizayn.com.tr\/wp-content\/uploads\/2025\/04\/huzur-veren-zeminler-768x576.jpg 768w\" sizes=\"auto, (max-width: 800px) 100vw, 800px\" \/>\t\t\t\t\t<\/div>\n\t\t\t\t\t\t\t\t\t\t<a class=\"wd-fill\" tabindex=\"-1\" href=\"https:\/\/www.prodizayn.com.tr\/yazlik-evler-icin-en-uygun-yer-dosemesi\/\" aria-label=\"Link on post Yazl\u0131k Evler \u0130\u00e7in En Uygun Yer D\u00f6\u015femesi\"><\/a>\n\t\t\t\t\n\t\t\t\t\t\t\t<\/div>\n\t\t\n\t\t<div class=\"wd-post-content article-body-container\">\n\t\t\t\t\t\t\t<div class=\"wd-post-cat wd-style-with-bg meta-post-categories\">\n\t\t\t\t\t<a href=\"https:\/\/www.prodizayn.com.tr\/category\/estetik\/\" rel=\"category tag\">Estetik<\/a>, <a href=\"https:\/\/www.prodizayn.com.tr\/category\/lvt\/\" rel=\"category tag\">Lvt<\/a>\t\t\t\t<\/div>\n\t\t\t\n\t\t\t\t\t\t\t<h3 class=\"wd-post-title wd-entities-title title post-title\">\n\t\t\t\t\t<a href=\"https:\/\/www.prodizayn.com.tr\/yazlik-evler-icin-en-uygun-yer-dosemesi\/\" rel=\"bookmark\">Yazl\u0131k Evler \u0130\u00e7in En Uygun Yer D\u00f6\u015femesi<\/a>\n\t\t\t\t<\/h3>\n\t\t\t\n\t\t\t\t\t\t\t<div class=\"wd-post-meta\">\n\t\t\t\t\t\t\t\t\t\t\t\t\t\t\t<div class=\"wd-post-author\">\n\t\t\t\t\t\t\t\t\t\t\t<span>Posted by<\/span>\n\t\t\n\t\t\t\t\t\t\t\n\t\t\t\t\t<a href=\"https:\/\/www.prodizayn.com.tr\/author\/yasemin\/\" class=\"author\" rel=\"author\">Yasemin<\/a>\n\t\t\t\t\t\t\t\t\t<\/div>\n\t\t\t\t\t<div class=\"wd-modified-date\">\n\t\t\t\t\t\t\t\t<time class=\"updated\" datetime=\"2025-09-19T14:02:14+00:00\">\n\t\t\t19\/09\/2025\t\t<\/time>\n\t\t\t\t\t\t\t<\/div>\n\n\t\t\t\t\t\t\t\t\t\t\t<div tabindex=\"0\" class=\"wd-post-share wd-tltp\">\n\t\t\t\t\t\t\t<div class=\"tooltip top\">\n\t\t\t\t\t\t\t\t<div class=\"tooltip-inner\">\n\t\t\t\t\t\t\t\t\t\t\t\t<div\n\t\t\t\t\t\tclass=\" wd-social-icons wd-style-default wd-size-small social-share wd-shape-circle color-scheme-light text-center\">\n\t\t\t\t\n\t\t\t\t\n\t\t\t\t\t\t\t\t\t<a rel=\"noopener noreferrer nofollow\" href=\"https:\/\/www.facebook.com\/sharer\/sharer.php?u=https:\/\/www.prodizayn.com.tr\/yazlik-evler-icin-en-uygun-yer-dosemesi\/\" target=\"_blank\" class=\" wd-social-icon social-facebook\" aria-label=\"Facebook social link\">\n\t\t\t\t\t\t<span class=\"wd-icon\"><\/span>\n\t\t\t\t\t\t\t\t\t\t\t<\/a>\n\t\t\t\t\n\t\t\t\t\t\t\t\t\t<a rel=\"noopener noreferrer nofollow\" href=\"https:\/\/x.com\/share?url=https:\/\/www.prodizayn.com.tr\/yazlik-evler-icin-en-uygun-yer-dosemesi\/\" target=\"_blank\" class=\" wd-social-icon social-twitter\" aria-label=\"X social link\">\n\t\t\t\t\t\t<span class=\"wd-icon\"><\/span>\n\t\t\t\t\t\t\t\t\t\t\t<\/a>\n\t\t\t\t\n\t\t\t\t\n\t\t\t\t\t\t\t\t\t<a rel=\"noopener noreferrer nofollow\" href=\"mailto:?subject=Check%20this%20https:\/\/www.prodizayn.com.tr\/yazlik-evler-icin-en-uygun-yer-dosemesi\/\" target=\"_blank\" class=\" wd-social-icon social-email\" aria-label=\"Email social link\">\n\t\t\t\t\t\t<span class=\"wd-icon\"><\/span>\n\t\t\t\t\t\t\t\t\t\t\t<\/a>\n\t\t\t\t\n\t\t\t\t\n\t\t\t\t\n\t\t\t\t\n\t\t\t\t\n\t\t\t\t\n\t\t\t\t\t\t\t\t\t<a rel=\"noopener noreferrer nofollow\" href=\"https:\/\/www.linkedin.com\/shareArticle?mini=true&url=https:\/\/www.prodizayn.com.tr\/yazlik-evler-icin-en-uygun-yer-dosemesi\/\" target=\"_blank\" class=\" wd-social-icon social-linkedin\" aria-label=\"Linkedin social link\">\n\t\t\t\t\t\t<span class=\"wd-icon\"><\/span>\n\t\t\t\t\t\t\t\t\t\t\t<\/a>\n\t\t\t\t\n\t\t\t\t\n\t\t\t\t\n\t\t\t\t\n\t\t\t\t\n\t\t\t\t\n\t\t\t\t\n\t\t\t\t\n\t\t\t\t\n\t\t\t\t\t\t\t\t\t<a rel=\"noopener noreferrer nofollow\" href=\"https:\/\/api.whatsapp.com\/send?text=https%3A%2F%2Fwww.prodizayn.com.tr%2Fyazlik-evler-icin-en-uygun-yer-dosemesi%2F\" target=\"_blank\" class=\"wd-hide-md  wd-social-icon social-whatsapp\" aria-label=\"WhatsApp social link\">\n\t\t\t\t\t\t<span class=\"wd-icon\"><\/span>\n\t\t\t\t\t\t\t\t\t\t\t<\/a>\n\n\t\t\t\t\t<a rel=\"noopener noreferrer nofollow\" href=\"whatsapp:\/\/send?text=https%3A%2F%2Fwww.prodizayn.com.tr%2Fyazlik-evler-icin-en-uygun-yer-dosemesi%2F\" target=\"_blank\" class=\"wd-hide-lg  wd-social-icon social-whatsapp\" aria-label=\"WhatsApp social link\">\n\t\t\t\t\t\t<span class=\"wd-icon\"><\/span>\n\t\t\t\t\t\t\t\t\t\t\t<\/a>\n\t\t\t\t\n\t\t\t\t\n\t\t\t\t\n\t\t\t\t\n\t\t\t\t\n\t\t\t\t\n\t\t\t\t\n\t\t\t\t\n\t\t\t<\/div>\n\n\t\t\t\t\t\t\t\t\t\t<\/div>\n\t\t\t\t\t\t\t\t<div class=\"tooltip-arrow\"><\/div>\n\t\t\t\t\t\t\t<\/div>\n\t\t\t\t\t\t<\/div>\n\t\t\t\t\t\n\t\t\t\t\t\t\t\t\t<\/div>\n\t\t\t\n\t\t\t\t\t\t\t\t\t\t\t\t<div class=\"wd-post-excerpt entry-content\">\n\t\t\t\t\t\tYazl\u0131k evler\u00a0bulundu\u011fu b\u00f6lgeden dolay\u0131 s\u00fcrekli nem ve rutubetin i\u00e7erisindedir. Bu sebeple duvarlar\u0131n izolasyonu kadar\u00a0yer d\u00f6\u015f...\t\t\t\t\t<\/div>\n\t\t\t\t\n\t\t\t\t\t\t\t\t\t\t\t\t\t\t<div class=\"wd-post-read-more wd-style-link read-more-section\">\n\t\t\t\t\t\t<a class=\"\" href=\"https:\/\/www.prodizayn.com.tr\/yazlik-evler-icin-en-uygun-yer-dosemesi\/\">Continue reading<\/a>\t\t\t\t\t<\/div>\n\t\t\t\t\t\t\t\t\t\t\t\t\t<\/div>\n\t<\/div>\n<\/article>\n\n\t\t\t\t\t\n\t\t\t\t\t","status":"no-more-posts","nextPage":"?woo_ajax=1","currentPage":"https:\/\/www.prodizayn.com.tr\/tag\/vinil\/page\/2"}