
			
				

					
				

			
		{"items":"\n\t\t\t\t\t\t\t\t\t\t\t\t\t\t<link rel=\"stylesheet\" id=\"wd-post-types-mod-categories-style-bg-css\" href=\"https:\/\/www.prodizayn.com.tr\/wp-content\/themes\/woodmart\/css\/parts\/post-types-mod-categories-style-bg.min.css?ver=8.3.4\" type=\"text\/css\" media=\"all\" \/> \t\t\t\n<article id=\"post-19062\" class=\"wd-post blog-design-chess blog-post-loop blog-design-small-images blog-style-bg wd-add-shadow wd-col post-19062 post type-post status-publish format-standard has-post-thumbnail hentry category-estetik category-lamine-parke tag-berry-alloc tag-lamine-parke tag-lamine-parke-cizilir-mi tag-lamine-parke-dayanikli-mi tag-lamine-parke-ezilir-mi tag-lamine-parke-hasar-alir-mi tag-lamine-parke-istanbul tag-lamine-parke-nedir tag-lamine-parke-prodizayn tag-lamine-parke-turkiye tag-lamine-temizligi tag-parke-temizligi tag-prodizayn\">\n\t<div class=\"wd-post-inner article-inner\">\n\t\t\t\t\t<div class=\"wd-post-thumb entry-header\">\n\t\t\t\t\t\t\t\t\t<div class=\"wd-post-img post-img-wrapp\">\n\t\t\t\t\t\t<img width=\"800\" height=\"600\" src=\"https:\/\/www.prodizayn.com.tr\/wp-content\/uploads\/2025\/04\/laminat-parke-ezilmeleri-cizilmeleri.jpg\" class=\"attachment-large size-large\" alt=\"\" decoding=\"async\" fetchpriority=\"high\" srcset=\"https:\/\/www.prodizayn.com.tr\/wp-content\/uploads\/2025\/04\/laminat-parke-ezilmeleri-cizilmeleri.jpg 800w, https:\/\/www.prodizayn.com.tr\/wp-content\/uploads\/2025\/04\/laminat-parke-ezilmeleri-cizilmeleri-430x323.jpg 430w, https:\/\/www.prodizayn.com.tr\/wp-content\/uploads\/2025\/04\/laminat-parke-ezilmeleri-cizilmeleri-150x113.jpg 150w, https:\/\/www.prodizayn.com.tr\/wp-content\/uploads\/2025\/04\/laminat-parke-ezilmeleri-cizilmeleri-700x525.jpg 700w, https:\/\/www.prodizayn.com.tr\/wp-content\/uploads\/2025\/04\/laminat-parke-ezilmeleri-cizilmeleri-400x300.jpg 400w, https:\/\/www.prodizayn.com.tr\/wp-content\/uploads\/2025\/04\/laminat-parke-ezilmeleri-cizilmeleri-768x576.jpg 768w\" sizes=\"(max-width: 800px) 100vw, 800px\" \/>\t\t\t\t\t<\/div>\n\t\t\t\t\t\t\t\t\t\t<a class=\"wd-fill\" tabindex=\"-1\" href=\"https:\/\/www.prodizayn.com.tr\/lamine-parke-ezilmelere-ve-cizilmelere-karsi-dayanakli-mi\/\" aria-label=\"Link on post Lamine parke ezilmelere ve \u00e7izilmelere kar\u015f\u0131 dayanakl\u0131 m\u0131 ?\"><\/a>\n\t\t\t\t\n\t\t\t\t\t\t\t<\/div>\n\t\t\n\t\t<div class=\"wd-post-content article-body-container\">\n\t\t\t\t\t\t\t<div class=\"wd-post-cat wd-style-with-bg meta-post-categories\">\n\t\t\t\t\t<a href=\"https:\/\/www.prodizayn.com.tr\/category\/estetik\/\" rel=\"category tag\">Estetik<\/a>, <a href=\"https:\/\/www.prodizayn.com.tr\/category\/lamine-parke\/\" rel=\"category tag\">Lamine Parke<\/a>\t\t\t\t<\/div>\n\t\t\t\n\t\t\t\t\t\t\t<h3 class=\"wd-post-title wd-entities-title title post-title\">\n\t\t\t\t\t<a href=\"https:\/\/www.prodizayn.com.tr\/lamine-parke-ezilmelere-ve-cizilmelere-karsi-dayanakli-mi\/\" rel=\"bookmark\">Lamine parke ezilmelere ve \u00e7izilmelere kar\u015f\u0131 dayanakl\u0131 m\u0131 ?<\/a>\n\t\t\t\t<\/h3>\n\t\t\t\n\t\t\t\t\t\t\t<div class=\"wd-post-meta\">\n\t\t\t\t\t\t\t\t\t\t\t\t\t<link rel=\"stylesheet\" id=\"wd-blog-mod-author-css\" href=\"https:\/\/www.prodizayn.com.tr\/wp-content\/themes\/woodmart\/css\/parts\/blog-mod-author.min.css?ver=8.3.4\" type=\"text\/css\" media=\"all\" \/> \t\t\t\t\t\t\t\t<div class=\"wd-post-author\">\n\t\t\t\t\t\t\t\t\t\t\t<span>Posted by<\/span>\n\t\t\n\t\t\t\t\t\t\t\n\t\t\t\t\t<a href=\"https:\/\/www.prodizayn.com.tr\/author\/yasemin\/\" class=\"author\" rel=\"author\">Yasemin<\/a>\n\t\t\t\t\t\t\t\t\t<\/div>\n\t\t\t\t\t<div class=\"wd-modified-date\">\n\t\t\t\t\t\t\t\t<time class=\"updated\" datetime=\"2025-09-19T10:46:45+00:00\">\n\t\t\t19\/09\/2025\t\t<\/time>\n\t\t\t\t\t\t\t<\/div>\n\n\t\t\t\t\t\t\t\t\t\t\t<div tabindex=\"0\" class=\"wd-post-share wd-tltp\">\n\t\t\t\t\t\t\t<div class=\"tooltip top\">\n\t\t\t\t\t\t\t\t<div class=\"tooltip-inner\">\n\t\t\t\t\t\t\t\t\t\t\t\t<link rel=\"stylesheet\" id=\"wd-social-icons-css\" href=\"https:\/\/www.prodizayn.com.tr\/wp-content\/themes\/woodmart\/css\/parts\/el-social-icons.min.css?ver=8.3.4\" type=\"text\/css\" media=\"all\" \/> \t\t\t\t\t\t<div\n\t\t\t\t\t\tclass=\" wd-social-icons wd-style-default wd-size-small social-share wd-shape-circle color-scheme-light text-center\">\n\t\t\t\t\n\t\t\t\t\n\t\t\t\t\t\t\t\t\t<a rel=\"noopener noreferrer nofollow\" href=\"https:\/\/www.facebook.com\/sharer\/sharer.php?u=https:\/\/www.prodizayn.com.tr\/lamine-parke-ezilmelere-ve-cizilmelere-karsi-dayanakli-mi\/\" target=\"_blank\" class=\" wd-social-icon social-facebook\" aria-label=\"Facebook social link\">\n\t\t\t\t\t\t<span class=\"wd-icon\"><\/span>\n\t\t\t\t\t\t\t\t\t\t\t<\/a>\n\t\t\t\t\n\t\t\t\t\t\t\t\t\t<a rel=\"noopener noreferrer nofollow\" href=\"https:\/\/x.com\/share?url=https:\/\/www.prodizayn.com.tr\/lamine-parke-ezilmelere-ve-cizilmelere-karsi-dayanakli-mi\/\" target=\"_blank\" class=\" wd-social-icon social-twitter\" aria-label=\"X social link\">\n\t\t\t\t\t\t<span class=\"wd-icon\"><\/span>\n\t\t\t\t\t\t\t\t\t\t\t<\/a>\n\t\t\t\t\n\t\t\t\t\n\t\t\t\t\t\t\t\t\t<a rel=\"noopener noreferrer nofollow\" href=\"mailto:?subject=Check%20this%20https:\/\/www.prodizayn.com.tr\/lamine-parke-ezilmelere-ve-cizilmelere-karsi-dayanakli-mi\/\" target=\"_blank\" class=\" wd-social-icon social-email\" aria-label=\"Email social link\">\n\t\t\t\t\t\t<span class=\"wd-icon\"><\/span>\n\t\t\t\t\t\t\t\t\t\t\t<\/a>\n\t\t\t\t\n\t\t\t\t\n\t\t\t\t\n\t\t\t\t\n\t\t\t\t\n\t\t\t\t\n\t\t\t\t\t\t\t\t\t<a rel=\"noopener noreferrer nofollow\" href=\"https:\/\/www.linkedin.com\/shareArticle?mini=true&url=https:\/\/www.prodizayn.com.tr\/lamine-parke-ezilmelere-ve-cizilmelere-karsi-dayanakli-mi\/\" target=\"_blank\" class=\" wd-social-icon social-linkedin\" aria-label=\"Linkedin social link\">\n\t\t\t\t\t\t<span class=\"wd-icon\"><\/span>\n\t\t\t\t\t\t\t\t\t\t\t<\/a>\n\t\t\t\t\n\t\t\t\t\n\t\t\t\t\n\t\t\t\t\n\t\t\t\t\n\t\t\t\t\n\t\t\t\t\n\t\t\t\t\n\t\t\t\t\n\t\t\t\t\t\t\t\t\t<a rel=\"noopener noreferrer nofollow\" href=\"https:\/\/api.whatsapp.com\/send?text=https%3A%2F%2Fwww.prodizayn.com.tr%2Flamine-parke-ezilmelere-ve-cizilmelere-karsi-dayanakli-mi%2F\" target=\"_blank\" class=\"wd-hide-md  wd-social-icon social-whatsapp\" aria-label=\"WhatsApp social link\">\n\t\t\t\t\t\t<span class=\"wd-icon\"><\/span>\n\t\t\t\t\t\t\t\t\t\t\t<\/a>\n\n\t\t\t\t\t<a rel=\"noopener noreferrer nofollow\" href=\"whatsapp:\/\/send?text=https%3A%2F%2Fwww.prodizayn.com.tr%2Flamine-parke-ezilmelere-ve-cizilmelere-karsi-dayanakli-mi%2F\" target=\"_blank\" class=\"wd-hide-lg  wd-social-icon social-whatsapp\" aria-label=\"WhatsApp social link\">\n\t\t\t\t\t\t<span class=\"wd-icon\"><\/span>\n\t\t\t\t\t\t\t\t\t\t\t<\/a>\n\t\t\t\t\n\t\t\t\t\n\t\t\t\t\n\t\t\t\t\n\t\t\t\t\n\t\t\t\t\n\t\t\t\t\n\t\t\t\t\n\t\t\t<\/div>\n\n\t\t\t\t\t\t\t\t\t\t<\/div>\n\t\t\t\t\t\t\t\t<div class=\"tooltip-arrow\"><\/div>\n\t\t\t\t\t\t\t<\/div>\n\t\t\t\t\t\t<\/div>\n\t\t\t\t\t\n\t\t\t\t\t\t\t\t\t<\/div>\n\t\t\t\n\t\t\t\t\t\t\t\t\t\t\t\t<div class=\"wd-post-excerpt entry-content\">\n\t\t\t\t\t\tLamine parke \u00e7izilmelere ve ezilmelere kar\u015f\u0131 dayan\u0131kl\u0131 m\u0131d\u0131r?Sorusunun cevab\u0131n\u0131 vermeden \u00f6nce lamine ve laminat parkeler birb...\t\t\t\t\t<\/div>\n\t\t\t\t\n\t\t\t\t\t\t\t\t\t\t\t\t\t\t<div class=\"wd-post-read-more wd-style-link read-more-section\">\n\t\t\t\t\t\t<a class=\"\" href=\"https:\/\/www.prodizayn.com.tr\/lamine-parke-ezilmelere-ve-cizilmelere-karsi-dayanakli-mi\/\">Continue reading<\/a>\t\t\t\t\t<\/div>\n\t\t\t\t\t\t\t\t\t\t\t\t\t<\/div>\n\t<\/div>\n<\/article>\n\n\t\t\t\t\t\t\t\t\t\t\t\n<article id=\"post-19056\" class=\"wd-post blog-design-chess blog-post-loop blog-design-small-images blog-style-bg wd-add-shadow wd-col post-19056 post type-post status-publish format-standard has-post-thumbnail hentry category-estetik category-laminat-parke tag-berry-alloc tag-high-pressure-laminate tag-laminat-istanbul tag-laminat-parke tag-laminat-parke-dosenirken-nelere-dikkat-edilir tag-laminat-parke-nasil-dosenir tag-laminat-parke-nasil-dosenmelidir tag-laminat-turkiye tag-prodizayn\">\n\t<div class=\"wd-post-inner article-inner\">\n\t\t\t\t\t<div class=\"wd-post-thumb entry-header\">\n\t\t\t\t\t\t\t\t\t<div class=\"wd-post-img post-img-wrapp\">\n\t\t\t\t\t\t<img width=\"800\" height=\"600\" src=\"https:\/\/www.prodizayn.com.tr\/wp-content\/uploads\/2025\/04\/laminat-parke-nasil-dosenir.jpg\" class=\"attachment-large size-large\" alt=\"\" decoding=\"async\" srcset=\"https:\/\/www.prodizayn.com.tr\/wp-content\/uploads\/2025\/04\/laminat-parke-nasil-dosenir.jpg 800w, https:\/\/www.prodizayn.com.tr\/wp-content\/uploads\/2025\/04\/laminat-parke-nasil-dosenir-430x323.jpg 430w, https:\/\/www.prodizayn.com.tr\/wp-content\/uploads\/2025\/04\/laminat-parke-nasil-dosenir-150x113.jpg 150w, https:\/\/www.prodizayn.com.tr\/wp-content\/uploads\/2025\/04\/laminat-parke-nasil-dosenir-700x525.jpg 700w, https:\/\/www.prodizayn.com.tr\/wp-content\/uploads\/2025\/04\/laminat-parke-nasil-dosenir-400x300.jpg 400w, https:\/\/www.prodizayn.com.tr\/wp-content\/uploads\/2025\/04\/laminat-parke-nasil-dosenir-768x576.jpg 768w\" sizes=\"(max-width: 800px) 100vw, 800px\" \/>\t\t\t\t\t<\/div>\n\t\t\t\t\t\t\t\t\t\t<a class=\"wd-fill\" tabindex=\"-1\" href=\"https:\/\/www.prodizayn.com.tr\/laminat-parke-nasil-dosenir\/\" aria-label=\"Link on post Laminat Parke Nas\u0131l D\u00f6\u015fenir\"><\/a>\n\t\t\t\t\n\t\t\t\t\t\t\t<\/div>\n\t\t\n\t\t<div class=\"wd-post-content article-body-container\">\n\t\t\t\t\t\t\t<div class=\"wd-post-cat wd-style-with-bg meta-post-categories\">\n\t\t\t\t\t<a href=\"https:\/\/www.prodizayn.com.tr\/category\/estetik\/\" rel=\"category tag\">Estetik<\/a>, <a href=\"https:\/\/www.prodizayn.com.tr\/category\/laminat-parke\/\" rel=\"category tag\">Laminat Parke<\/a>\t\t\t\t<\/div>\n\t\t\t\n\t\t\t\t\t\t\t<h3 class=\"wd-post-title wd-entities-title title post-title\">\n\t\t\t\t\t<a href=\"https:\/\/www.prodizayn.com.tr\/laminat-parke-nasil-dosenir\/\" rel=\"bookmark\">Laminat Parke Nas\u0131l D\u00f6\u015fenir<\/a>\n\t\t\t\t<\/h3>\n\t\t\t\n\t\t\t\t\t\t\t<div class=\"wd-post-meta\">\n\t\t\t\t\t\t\t\t\t\t\t\t\t\t\t<div class=\"wd-post-author\">\n\t\t\t\t\t\t\t\t\t\t\t<span>Posted by<\/span>\n\t\t\n\t\t\t\t\t\t\t\n\t\t\t\t\t<a href=\"https:\/\/www.prodizayn.com.tr\/author\/yasemin\/\" class=\"author\" rel=\"author\">Yasemin<\/a>\n\t\t\t\t\t\t\t\t\t<\/div>\n\t\t\t\t\t<div class=\"wd-modified-date\">\n\t\t\t\t\t\t\t\t<time class=\"updated\" datetime=\"2025-09-19T10:48:36+00:00\">\n\t\t\t19\/09\/2025\t\t<\/time>\n\t\t\t\t\t\t\t<\/div>\n\n\t\t\t\t\t\t\t\t\t\t\t<div tabindex=\"0\" class=\"wd-post-share wd-tltp\">\n\t\t\t\t\t\t\t<div class=\"tooltip top\">\n\t\t\t\t\t\t\t\t<div class=\"tooltip-inner\">\n\t\t\t\t\t\t\t\t\t\t\t\t<div\n\t\t\t\t\t\tclass=\" wd-social-icons wd-style-default wd-size-small social-share wd-shape-circle color-scheme-light text-center\">\n\t\t\t\t\n\t\t\t\t\n\t\t\t\t\t\t\t\t\t<a rel=\"noopener noreferrer nofollow\" href=\"https:\/\/www.facebook.com\/sharer\/sharer.php?u=https:\/\/www.prodizayn.com.tr\/laminat-parke-nasil-dosenir\/\" target=\"_blank\" class=\" wd-social-icon social-facebook\" aria-label=\"Facebook social link\">\n\t\t\t\t\t\t<span class=\"wd-icon\"><\/span>\n\t\t\t\t\t\t\t\t\t\t\t<\/a>\n\t\t\t\t\n\t\t\t\t\t\t\t\t\t<a rel=\"noopener noreferrer nofollow\" href=\"https:\/\/x.com\/share?url=https:\/\/www.prodizayn.com.tr\/laminat-parke-nasil-dosenir\/\" target=\"_blank\" class=\" wd-social-icon social-twitter\" aria-label=\"X social link\">\n\t\t\t\t\t\t<span class=\"wd-icon\"><\/span>\n\t\t\t\t\t\t\t\t\t\t\t<\/a>\n\t\t\t\t\n\t\t\t\t\n\t\t\t\t\t\t\t\t\t<a rel=\"noopener noreferrer nofollow\" href=\"mailto:?subject=Check%20this%20https:\/\/www.prodizayn.com.tr\/laminat-parke-nasil-dosenir\/\" target=\"_blank\" class=\" wd-social-icon social-email\" aria-label=\"Email social link\">\n\t\t\t\t\t\t<span class=\"wd-icon\"><\/span>\n\t\t\t\t\t\t\t\t\t\t\t<\/a>\n\t\t\t\t\n\t\t\t\t\n\t\t\t\t\n\t\t\t\t\n\t\t\t\t\n\t\t\t\t\n\t\t\t\t\t\t\t\t\t<a rel=\"noopener noreferrer nofollow\" href=\"https:\/\/www.linkedin.com\/shareArticle?mini=true&url=https:\/\/www.prodizayn.com.tr\/laminat-parke-nasil-dosenir\/\" target=\"_blank\" class=\" wd-social-icon social-linkedin\" aria-label=\"Linkedin social link\">\n\t\t\t\t\t\t<span class=\"wd-icon\"><\/span>\n\t\t\t\t\t\t\t\t\t\t\t<\/a>\n\t\t\t\t\n\t\t\t\t\n\t\t\t\t\n\t\t\t\t\n\t\t\t\t\n\t\t\t\t\n\t\t\t\t\n\t\t\t\t\n\t\t\t\t\n\t\t\t\t\t\t\t\t\t<a rel=\"noopener noreferrer nofollow\" href=\"https:\/\/api.whatsapp.com\/send?text=https%3A%2F%2Fwww.prodizayn.com.tr%2Flaminat-parke-nasil-dosenir%2F\" target=\"_blank\" class=\"wd-hide-md  wd-social-icon social-whatsapp\" aria-label=\"WhatsApp social link\">\n\t\t\t\t\t\t<span class=\"wd-icon\"><\/span>\n\t\t\t\t\t\t\t\t\t\t\t<\/a>\n\n\t\t\t\t\t<a rel=\"noopener noreferrer nofollow\" href=\"whatsapp:\/\/send?text=https%3A%2F%2Fwww.prodizayn.com.tr%2Flaminat-parke-nasil-dosenir%2F\" target=\"_blank\" class=\"wd-hide-lg  wd-social-icon social-whatsapp\" aria-label=\"WhatsApp social link\">\n\t\t\t\t\t\t<span class=\"wd-icon\"><\/span>\n\t\t\t\t\t\t\t\t\t\t\t<\/a>\n\t\t\t\t\n\t\t\t\t\n\t\t\t\t\n\t\t\t\t\n\t\t\t\t\n\t\t\t\t\n\t\t\t\t\n\t\t\t\t\n\t\t\t<\/div>\n\n\t\t\t\t\t\t\t\t\t\t<\/div>\n\t\t\t\t\t\t\t\t<div class=\"tooltip-arrow\"><\/div>\n\t\t\t\t\t\t\t<\/div>\n\t\t\t\t\t\t<\/div>\n\t\t\t\t\t\n\t\t\t\t\t\t\t\t\t<\/div>\n\t\t\t\n\t\t\t\t\t\t\t\t\t\t\t\t<div class=\"wd-post-excerpt entry-content\">\n\t\t\t\t\t\tLaminat parke nas\u0131l d\u00f6\u015fenir ya da laminat parke nas\u0131l d\u00f6\u015fenmelidir ?Zemin kaplama ve zemin d\u00f6\u015feme i\u015flerini yapan hali haz\u0131rda...\t\t\t\t\t<\/div>\n\t\t\t\t\n\t\t\t\t\t\t\t\t\t\t\t\t\t\t<div class=\"wd-post-read-more wd-style-link read-more-section\">\n\t\t\t\t\t\t<a class=\"\" href=\"https:\/\/www.prodizayn.com.tr\/laminat-parke-nasil-dosenir\/\">Continue reading<\/a>\t\t\t\t\t<\/div>\n\t\t\t\t\t\t\t\t\t\t\t\t\t<\/div>\n\t<\/div>\n<\/article>\n\n\t\t\t\t\t\t\t\t\t\t\t\n<article id=\"post-19050\" class=\"wd-post blog-design-chess blog-post-loop blog-design-small-images blog-style-bg wd-add-shadow wd-col post-19050 post type-post status-publish format-standard has-post-thumbnail hentry category-estetik category-laminat-parke category-lamine-parke tag-berry-alloc tag-high-pressure-laminate tag-laminant tag-laminat-istanbul tag-laminat-parke tag-laminat-parke-mi-daha-iyi-lamine-parke-mi tag-laminat-parke-mi-lamine-parke-mi tag-laminat-turkiye tag-lamine-istanbul tag-lamine-parke tag-lamine-turkiye tag-prodizayn\">\n\t<div class=\"wd-post-inner article-inner\">\n\t\t\t\t\t<div class=\"wd-post-thumb entry-header\">\n\t\t\t\t\t\t\t\t\t<div class=\"wd-post-img post-img-wrapp\">\n\t\t\t\t\t\t<img width=\"800\" height=\"600\" src=\"https:\/\/www.prodizayn.com.tr\/wp-content\/uploads\/2025\/04\/laminat-mi-lamine-mi.jpg\" class=\"attachment-large size-large\" alt=\"\" decoding=\"async\" loading=\"lazy\" srcset=\"https:\/\/www.prodizayn.com.tr\/wp-content\/uploads\/2025\/04\/laminat-mi-lamine-mi.jpg 800w, https:\/\/www.prodizayn.com.tr\/wp-content\/uploads\/2025\/04\/laminat-mi-lamine-mi-430x323.jpg 430w, https:\/\/www.prodizayn.com.tr\/wp-content\/uploads\/2025\/04\/laminat-mi-lamine-mi-150x113.jpg 150w, https:\/\/www.prodizayn.com.tr\/wp-content\/uploads\/2025\/04\/laminat-mi-lamine-mi-700x525.jpg 700w, https:\/\/www.prodizayn.com.tr\/wp-content\/uploads\/2025\/04\/laminat-mi-lamine-mi-400x300.jpg 400w, https:\/\/www.prodizayn.com.tr\/wp-content\/uploads\/2025\/04\/laminat-mi-lamine-mi-768x576.jpg 768w\" sizes=\"auto, (max-width: 800px) 100vw, 800px\" \/>\t\t\t\t\t<\/div>\n\t\t\t\t\t\t\t\t\t\t<a class=\"wd-fill\" tabindex=\"-1\" href=\"https:\/\/www.prodizayn.com.tr\/laminat-parke-mi-lamine-parke-mi\/\" aria-label=\"Link on post Laminat parke mi? Lamine parke mi?\"><\/a>\n\t\t\t\t\n\t\t\t\t\t\t\t<\/div>\n\t\t\n\t\t<div class=\"wd-post-content article-body-container\">\n\t\t\t\t\t\t\t<div class=\"wd-post-cat wd-style-with-bg meta-post-categories\">\n\t\t\t\t\t<a href=\"https:\/\/www.prodizayn.com.tr\/category\/estetik\/\" rel=\"category tag\">Estetik<\/a>, <a href=\"https:\/\/www.prodizayn.com.tr\/category\/laminat-parke\/\" rel=\"category tag\">Laminat Parke<\/a>, <a href=\"https:\/\/www.prodizayn.com.tr\/category\/lamine-parke\/\" rel=\"category tag\">Lamine Parke<\/a>\t\t\t\t<\/div>\n\t\t\t\n\t\t\t\t\t\t\t<h3 class=\"wd-post-title wd-entities-title title post-title\">\n\t\t\t\t\t<a href=\"https:\/\/www.prodizayn.com.tr\/laminat-parke-mi-lamine-parke-mi\/\" rel=\"bookmark\">Laminat parke mi? Lamine parke mi?<\/a>\n\t\t\t\t<\/h3>\n\t\t\t\n\t\t\t\t\t\t\t<div class=\"wd-post-meta\">\n\t\t\t\t\t\t\t\t\t\t\t\t\t\t\t<div class=\"wd-post-author\">\n\t\t\t\t\t\t\t\t\t\t\t<span>Posted by<\/span>\n\t\t\n\t\t\t\t\t\t\t\n\t\t\t\t\t<a href=\"https:\/\/www.prodizayn.com.tr\/author\/yasemin\/\" class=\"author\" rel=\"author\">Yasemin<\/a>\n\t\t\t\t\t\t\t\t\t<\/div>\n\t\t\t\t\t<div class=\"wd-modified-date\">\n\t\t\t\t\t\t\t\t<time class=\"updated\" datetime=\"2025-09-19T10:59:46+00:00\">\n\t\t\t19\/09\/2025\t\t<\/time>\n\t\t\t\t\t\t\t<\/div>\n\n\t\t\t\t\t\t\t\t\t\t\t<div tabindex=\"0\" class=\"wd-post-share wd-tltp\">\n\t\t\t\t\t\t\t<div class=\"tooltip top\">\n\t\t\t\t\t\t\t\t<div class=\"tooltip-inner\">\n\t\t\t\t\t\t\t\t\t\t\t\t<div\n\t\t\t\t\t\tclass=\" wd-social-icons wd-style-default wd-size-small social-share wd-shape-circle color-scheme-light text-center\">\n\t\t\t\t\n\t\t\t\t\n\t\t\t\t\t\t\t\t\t<a rel=\"noopener noreferrer nofollow\" href=\"https:\/\/www.facebook.com\/sharer\/sharer.php?u=https:\/\/www.prodizayn.com.tr\/laminat-parke-mi-lamine-parke-mi\/\" target=\"_blank\" class=\" wd-social-icon social-facebook\" aria-label=\"Facebook social link\">\n\t\t\t\t\t\t<span class=\"wd-icon\"><\/span>\n\t\t\t\t\t\t\t\t\t\t\t<\/a>\n\t\t\t\t\n\t\t\t\t\t\t\t\t\t<a rel=\"noopener noreferrer nofollow\" href=\"https:\/\/x.com\/share?url=https:\/\/www.prodizayn.com.tr\/laminat-parke-mi-lamine-parke-mi\/\" target=\"_blank\" class=\" wd-social-icon social-twitter\" aria-label=\"X social link\">\n\t\t\t\t\t\t<span class=\"wd-icon\"><\/span>\n\t\t\t\t\t\t\t\t\t\t\t<\/a>\n\t\t\t\t\n\t\t\t\t\n\t\t\t\t\t\t\t\t\t<a rel=\"noopener noreferrer nofollow\" href=\"mailto:?subject=Check%20this%20https:\/\/www.prodizayn.com.tr\/laminat-parke-mi-lamine-parke-mi\/\" target=\"_blank\" class=\" wd-social-icon social-email\" aria-label=\"Email social link\">\n\t\t\t\t\t\t<span class=\"wd-icon\"><\/span>\n\t\t\t\t\t\t\t\t\t\t\t<\/a>\n\t\t\t\t\n\t\t\t\t\n\t\t\t\t\n\t\t\t\t\n\t\t\t\t\n\t\t\t\t\n\t\t\t\t\t\t\t\t\t<a rel=\"noopener noreferrer nofollow\" href=\"https:\/\/www.linkedin.com\/shareArticle?mini=true&url=https:\/\/www.prodizayn.com.tr\/laminat-parke-mi-lamine-parke-mi\/\" target=\"_blank\" class=\" wd-social-icon social-linkedin\" aria-label=\"Linkedin social link\">\n\t\t\t\t\t\t<span class=\"wd-icon\"><\/span>\n\t\t\t\t\t\t\t\t\t\t\t<\/a>\n\t\t\t\t\n\t\t\t\t\n\t\t\t\t\n\t\t\t\t\n\t\t\t\t\n\t\t\t\t\n\t\t\t\t\n\t\t\t\t\n\t\t\t\t\n\t\t\t\t\t\t\t\t\t<a rel=\"noopener noreferrer nofollow\" href=\"https:\/\/api.whatsapp.com\/send?text=https%3A%2F%2Fwww.prodizayn.com.tr%2Flaminat-parke-mi-lamine-parke-mi%2F\" target=\"_blank\" class=\"wd-hide-md  wd-social-icon social-whatsapp\" aria-label=\"WhatsApp social link\">\n\t\t\t\t\t\t<span class=\"wd-icon\"><\/span>\n\t\t\t\t\t\t\t\t\t\t\t<\/a>\n\n\t\t\t\t\t<a rel=\"noopener noreferrer nofollow\" href=\"whatsapp:\/\/send?text=https%3A%2F%2Fwww.prodizayn.com.tr%2Flaminat-parke-mi-lamine-parke-mi%2F\" target=\"_blank\" class=\"wd-hide-lg  wd-social-icon social-whatsapp\" aria-label=\"WhatsApp social link\">\n\t\t\t\t\t\t<span class=\"wd-icon\"><\/span>\n\t\t\t\t\t\t\t\t\t\t\t<\/a>\n\t\t\t\t\n\t\t\t\t\n\t\t\t\t\n\t\t\t\t\n\t\t\t\t\n\t\t\t\t\n\t\t\t\t\n\t\t\t\t\n\t\t\t<\/div>\n\n\t\t\t\t\t\t\t\t\t\t<\/div>\n\t\t\t\t\t\t\t\t<div class=\"tooltip-arrow\"><\/div>\n\t\t\t\t\t\t\t<\/div>\n\t\t\t\t\t\t<\/div>\n\t\t\t\t\t\n\t\t\t\t\t\t\t\t\t<\/div>\n\t\t\t\n\t\t\t\t\t\t\t\t\t\t\t\t<div class=\"wd-post-excerpt entry-content\">\n\t\t\t\t\t\tLaminat parke mi? Lamine parke mi?Hepimizin merak etti\u011fi az \u00e7ok bilgi sahibi oldu\u011fu ama yine de bir t\u00fcrl\u00fc karar veremedi\u011fi ko...\t\t\t\t\t<\/div>\n\t\t\t\t\n\t\t\t\t\t\t\t\t\t\t\t\t\t\t<div class=\"wd-post-read-more wd-style-link read-more-section\">\n\t\t\t\t\t\t<a class=\"\" href=\"https:\/\/www.prodizayn.com.tr\/laminat-parke-mi-lamine-parke-mi\/\">Continue reading<\/a>\t\t\t\t\t<\/div>\n\t\t\t\t\t\t\t\t\t\t\t\t\t<\/div>\n\t<\/div>\n<\/article>\n\n\t\t\t\t\t\t\t\t\t\t\t\n<article id=\"post-19041\" class=\"wd-post blog-design-chess blog-post-loop blog-design-small-images blog-style-bg wd-add-shadow wd-col post-19041 post type-post status-publish format-standard has-post-thumbnail hentry category-estetik category-laminat-parke category-lamine-parke tag-berry-alloc tag-high-pressure-laminate tag-laminant tag-laminat-istanbul tag-laminat-parke tag-laminat-parke-koleksiyonlari tag-laminat-turkiye tag-lamine-istanbul tag-lamine-mi-laminat-mi tag-lamine-parke tag-lamine-parke-koleksiyonlari tag-lamine-turkiye tag-parke-temizligi tag-prodizayn tag-prodizayn-laminat-parke tag-prodizayn-laminat-parke-ve-lamine-parke-koleksiyonlari tag-prodizayn-lamine-parke tag-zemin-dosemeleri tag-zemin-kaplama\">\n\t<div class=\"wd-post-inner article-inner\">\n\t\t\t\t\t<div class=\"wd-post-thumb entry-header\">\n\t\t\t\t\t\t\t\t\t<div class=\"wd-post-img post-img-wrapp\">\n\t\t\t\t\t\t<img width=\"800\" height=\"600\" src=\"https:\/\/www.prodizayn.com.tr\/wp-content\/uploads\/2025\/04\/prodizayn-lamine-parke.jpg\" class=\"attachment-large size-large\" alt=\"\" decoding=\"async\" loading=\"lazy\" srcset=\"https:\/\/www.prodizayn.com.tr\/wp-content\/uploads\/2025\/04\/prodizayn-lamine-parke.jpg 800w, https:\/\/www.prodizayn.com.tr\/wp-content\/uploads\/2025\/04\/prodizayn-lamine-parke-430x323.jpg 430w, https:\/\/www.prodizayn.com.tr\/wp-content\/uploads\/2025\/04\/prodizayn-lamine-parke-150x113.jpg 150w, https:\/\/www.prodizayn.com.tr\/wp-content\/uploads\/2025\/04\/prodizayn-lamine-parke-700x525.jpg 700w, https:\/\/www.prodizayn.com.tr\/wp-content\/uploads\/2025\/04\/prodizayn-lamine-parke-400x300.jpg 400w, https:\/\/www.prodizayn.com.tr\/wp-content\/uploads\/2025\/04\/prodizayn-lamine-parke-768x576.jpg 768w\" sizes=\"auto, (max-width: 800px) 100vw, 800px\" \/>\t\t\t\t\t<\/div>\n\t\t\t\t\t\t\t\t\t\t<a class=\"wd-fill\" tabindex=\"-1\" href=\"https:\/\/www.prodizayn.com.tr\/prodizayn-laminat-parke-ve-lamine-parke-koleksiyonlari-2\/\" aria-label=\"Link on post Prodizayn Laminat Parke ve Lamine Parke Koleksiyonlar\u0131\/2\"><\/a>\n\t\t\t\t\n\t\t\t\t\t\t\t<\/div>\n\t\t\n\t\t<div class=\"wd-post-content article-body-container\">\n\t\t\t\t\t\t\t<div class=\"wd-post-cat wd-style-with-bg meta-post-categories\">\n\t\t\t\t\t<a href=\"https:\/\/www.prodizayn.com.tr\/category\/estetik\/\" rel=\"category tag\">Estetik<\/a>, <a href=\"https:\/\/www.prodizayn.com.tr\/category\/laminat-parke\/\" rel=\"category tag\">Laminat Parke<\/a>, <a href=\"https:\/\/www.prodizayn.com.tr\/category\/lamine-parke\/\" rel=\"category tag\">Lamine Parke<\/a>\t\t\t\t<\/div>\n\t\t\t\n\t\t\t\t\t\t\t<h3 class=\"wd-post-title wd-entities-title title post-title\">\n\t\t\t\t\t<a href=\"https:\/\/www.prodizayn.com.tr\/prodizayn-laminat-parke-ve-lamine-parke-koleksiyonlari-2\/\" rel=\"bookmark\">Prodizayn Laminat Parke ve Lamine Parke Koleksiyonlar\u0131\/2<\/a>\n\t\t\t\t<\/h3>\n\t\t\t\n\t\t\t\t\t\t\t<div class=\"wd-post-meta\">\n\t\t\t\t\t\t\t\t\t\t\t\t\t\t\t<div class=\"wd-post-author\">\n\t\t\t\t\t\t\t\t\t\t\t<span>Posted by<\/span>\n\t\t\n\t\t\t\t\t\t\t\n\t\t\t\t\t<a href=\"https:\/\/www.prodizayn.com.tr\/author\/yasemin\/\" class=\"author\" rel=\"author\">Yasemin<\/a>\n\t\t\t\t\t\t\t\t\t<\/div>\n\t\t\t\t\t<div class=\"wd-modified-date\">\n\t\t\t\t\t\t\t\t<time class=\"updated\" datetime=\"2025-09-19T11:21:15+00:00\">\n\t\t\t19\/09\/2025\t\t<\/time>\n\t\t\t\t\t\t\t<\/div>\n\n\t\t\t\t\t\t\t\t\t\t\t<div tabindex=\"0\" class=\"wd-post-share wd-tltp\">\n\t\t\t\t\t\t\t<div class=\"tooltip top\">\n\t\t\t\t\t\t\t\t<div class=\"tooltip-inner\">\n\t\t\t\t\t\t\t\t\t\t\t\t<div\n\t\t\t\t\t\tclass=\" wd-social-icons wd-style-default wd-size-small social-share wd-shape-circle color-scheme-light text-center\">\n\t\t\t\t\n\t\t\t\t\n\t\t\t\t\t\t\t\t\t<a rel=\"noopener noreferrer nofollow\" href=\"https:\/\/www.facebook.com\/sharer\/sharer.php?u=https:\/\/www.prodizayn.com.tr\/prodizayn-laminat-parke-ve-lamine-parke-koleksiyonlari-2\/\" target=\"_blank\" class=\" wd-social-icon social-facebook\" aria-label=\"Facebook social link\">\n\t\t\t\t\t\t<span class=\"wd-icon\"><\/span>\n\t\t\t\t\t\t\t\t\t\t\t<\/a>\n\t\t\t\t\n\t\t\t\t\t\t\t\t\t<a rel=\"noopener noreferrer nofollow\" href=\"https:\/\/x.com\/share?url=https:\/\/www.prodizayn.com.tr\/prodizayn-laminat-parke-ve-lamine-parke-koleksiyonlari-2\/\" target=\"_blank\" class=\" wd-social-icon social-twitter\" aria-label=\"X social link\">\n\t\t\t\t\t\t<span class=\"wd-icon\"><\/span>\n\t\t\t\t\t\t\t\t\t\t\t<\/a>\n\t\t\t\t\n\t\t\t\t\n\t\t\t\t\t\t\t\t\t<a rel=\"noopener noreferrer nofollow\" href=\"mailto:?subject=Check%20this%20https:\/\/www.prodizayn.com.tr\/prodizayn-laminat-parke-ve-lamine-parke-koleksiyonlari-2\/\" target=\"_blank\" class=\" wd-social-icon social-email\" aria-label=\"Email social link\">\n\t\t\t\t\t\t<span class=\"wd-icon\"><\/span>\n\t\t\t\t\t\t\t\t\t\t\t<\/a>\n\t\t\t\t\n\t\t\t\t\n\t\t\t\t\n\t\t\t\t\n\t\t\t\t\n\t\t\t\t\n\t\t\t\t\t\t\t\t\t<a rel=\"noopener noreferrer nofollow\" href=\"https:\/\/www.linkedin.com\/shareArticle?mini=true&url=https:\/\/www.prodizayn.com.tr\/prodizayn-laminat-parke-ve-lamine-parke-koleksiyonlari-2\/\" target=\"_blank\" class=\" wd-social-icon social-linkedin\" aria-label=\"Linkedin social link\">\n\t\t\t\t\t\t<span class=\"wd-icon\"><\/span>\n\t\t\t\t\t\t\t\t\t\t\t<\/a>\n\t\t\t\t\n\t\t\t\t\n\t\t\t\t\n\t\t\t\t\n\t\t\t\t\n\t\t\t\t\n\t\t\t\t\n\t\t\t\t\n\t\t\t\t\n\t\t\t\t\t\t\t\t\t<a rel=\"noopener noreferrer nofollow\" href=\"https:\/\/api.whatsapp.com\/send?text=https%3A%2F%2Fwww.prodizayn.com.tr%2Fprodizayn-laminat-parke-ve-lamine-parke-koleksiyonlari-2%2F\" target=\"_blank\" class=\"wd-hide-md  wd-social-icon social-whatsapp\" aria-label=\"WhatsApp social link\">\n\t\t\t\t\t\t<span class=\"wd-icon\"><\/span>\n\t\t\t\t\t\t\t\t\t\t\t<\/a>\n\n\t\t\t\t\t<a rel=\"noopener noreferrer nofollow\" href=\"whatsapp:\/\/send?text=https%3A%2F%2Fwww.prodizayn.com.tr%2Fprodizayn-laminat-parke-ve-lamine-parke-koleksiyonlari-2%2F\" target=\"_blank\" class=\"wd-hide-lg  wd-social-icon social-whatsapp\" aria-label=\"WhatsApp social link\">\n\t\t\t\t\t\t<span class=\"wd-icon\"><\/span>\n\t\t\t\t\t\t\t\t\t\t\t<\/a>\n\t\t\t\t\n\t\t\t\t\n\t\t\t\t\n\t\t\t\t\n\t\t\t\t\n\t\t\t\t\n\t\t\t\t\n\t\t\t\t\n\t\t\t<\/div>\n\n\t\t\t\t\t\t\t\t\t\t<\/div>\n\t\t\t\t\t\t\t\t<div class=\"tooltip-arrow\"><\/div>\n\t\t\t\t\t\t\t<\/div>\n\t\t\t\t\t\t<\/div>\n\t\t\t\t\t\n\t\t\t\t\t\t\t\t\t<\/div>\n\t\t\t\n\t\t\t\t\t\t\t\t\t\t\t\t<div class=\"wd-post-excerpt entry-content\">\n\t\t\t\t\t\tProdizayn Lamine ParkeFB+ ve Berry Alloc ile olu\u015fturulmu\u015f e\u015fsiz bir koleksiyondur. \u0130ki farkl\u0131 segmentin toplamda 17 farkl\u0131 \u00fcr...\t\t\t\t\t<\/div>\n\t\t\t\t\n\t\t\t\t\t\t\t\t\t\t\t\t\t\t<div class=\"wd-post-read-more wd-style-link read-more-section\">\n\t\t\t\t\t\t<a class=\"\" href=\"https:\/\/www.prodizayn.com.tr\/prodizayn-laminat-parke-ve-lamine-parke-koleksiyonlari-2\/\">Continue reading<\/a>\t\t\t\t\t<\/div>\n\t\t\t\t\t\t\t\t\t\t\t\t\t<\/div>\n\t<\/div>\n<\/article>\n\n\t\t\t\t\t\t\t\t\t\t\t\n<article id=\"post-19033\" class=\"wd-post blog-design-chess blog-post-loop blog-design-small-images blog-style-bg wd-add-shadow wd-col post-19033 post type-post status-publish format-standard has-post-thumbnail hentry category-estetik category-laminat-parke category-lamine-parke tag-berry-alloc tag-high-pressure-laminate tag-laminant tag-laminat-istanbul tag-laminat-parke tag-laminat-parke-koleksiyonlari tag-laminat-turkiye tag-lamine-istanbul tag-lamine-parke tag-lamine-parke-koleksiyonlari tag-lamine-turkiye tag-parke-temizligi tag-prodizayn tag-prodizayn-laminat-parke tag-prodizayn-laminat-parke-ve-lamine-parke-koleksiyonlari tag-prodizayn-lamine-parke tag-zemin-dosemeleri tag-zemin-kaplama\">\n\t<div class=\"wd-post-inner article-inner\">\n\t\t\t\t\t<div class=\"wd-post-thumb entry-header\">\n\t\t\t\t\t\t\t\t\t<div class=\"wd-post-img post-img-wrapp\">\n\t\t\t\t\t\t<img width=\"800\" height=\"600\" src=\"https:\/\/www.prodizayn.com.tr\/wp-content\/uploads\/2025\/04\/Prodizayn-laminat-parke.jpg\" class=\"attachment-large size-large\" alt=\"\" decoding=\"async\" loading=\"lazy\" srcset=\"https:\/\/www.prodizayn.com.tr\/wp-content\/uploads\/2025\/04\/Prodizayn-laminat-parke.jpg 800w, https:\/\/www.prodizayn.com.tr\/wp-content\/uploads\/2025\/04\/Prodizayn-laminat-parke-430x323.jpg 430w, https:\/\/www.prodizayn.com.tr\/wp-content\/uploads\/2025\/04\/Prodizayn-laminat-parke-150x113.jpg 150w, https:\/\/www.prodizayn.com.tr\/wp-content\/uploads\/2025\/04\/Prodizayn-laminat-parke-700x525.jpg 700w, https:\/\/www.prodizayn.com.tr\/wp-content\/uploads\/2025\/04\/Prodizayn-laminat-parke-400x300.jpg 400w, https:\/\/www.prodizayn.com.tr\/wp-content\/uploads\/2025\/04\/Prodizayn-laminat-parke-768x576.jpg 768w\" sizes=\"auto, (max-width: 800px) 100vw, 800px\" \/>\t\t\t\t\t<\/div>\n\t\t\t\t\t\t\t\t\t\t<a class=\"wd-fill\" tabindex=\"-1\" href=\"https:\/\/www.prodizayn.com.tr\/prodizayn-laminat-parke-ve-lamine-parke-koleksiyonlari-1\/\" aria-label=\"Link on post Prodizayn Laminat Parke ve Lamine Parke Koleksiyonlar\u0131\/1\"><\/a>\n\t\t\t\t\n\t\t\t\t\t\t\t<\/div>\n\t\t\n\t\t<div class=\"wd-post-content article-body-container\">\n\t\t\t\t\t\t\t<div class=\"wd-post-cat wd-style-with-bg meta-post-categories\">\n\t\t\t\t\t<a href=\"https:\/\/www.prodizayn.com.tr\/category\/estetik\/\" rel=\"category tag\">Estetik<\/a>, <a href=\"https:\/\/www.prodizayn.com.tr\/category\/laminat-parke\/\" rel=\"category tag\">Laminat Parke<\/a>, <a href=\"https:\/\/www.prodizayn.com.tr\/category\/lamine-parke\/\" rel=\"category tag\">Lamine Parke<\/a>\t\t\t\t<\/div>\n\t\t\t\n\t\t\t\t\t\t\t<h3 class=\"wd-post-title wd-entities-title title post-title\">\n\t\t\t\t\t<a href=\"https:\/\/www.prodizayn.com.tr\/prodizayn-laminat-parke-ve-lamine-parke-koleksiyonlari-1\/\" rel=\"bookmark\">Prodizayn Laminat Parke ve Lamine Parke Koleksiyonlar\u0131\/1<\/a>\n\t\t\t\t<\/h3>\n\t\t\t\n\t\t\t\t\t\t\t<div class=\"wd-post-meta\">\n\t\t\t\t\t\t\t\t\t\t\t\t\t\t\t<div class=\"wd-post-author\">\n\t\t\t\t\t\t\t\t\t\t\t<span>Posted by<\/span>\n\t\t\n\t\t\t\t\t\t\t\n\t\t\t\t\t<a href=\"https:\/\/www.prodizayn.com.tr\/author\/yasemin\/\" class=\"author\" rel=\"author\">Yasemin<\/a>\n\t\t\t\t\t\t\t\t\t<\/div>\n\t\t\t\t\t<div class=\"wd-modified-date\">\n\t\t\t\t\t\t\t\t<time class=\"updated\" datetime=\"2025-09-19T11:35:52+00:00\">\n\t\t\t19\/09\/2025\t\t<\/time>\n\t\t\t\t\t\t\t<\/div>\n\n\t\t\t\t\t\t\t\t\t\t\t<div tabindex=\"0\" class=\"wd-post-share wd-tltp\">\n\t\t\t\t\t\t\t<div class=\"tooltip top\">\n\t\t\t\t\t\t\t\t<div class=\"tooltip-inner\">\n\t\t\t\t\t\t\t\t\t\t\t\t<div\n\t\t\t\t\t\tclass=\" wd-social-icons wd-style-default wd-size-small social-share wd-shape-circle color-scheme-light text-center\">\n\t\t\t\t\n\t\t\t\t\n\t\t\t\t\t\t\t\t\t<a rel=\"noopener noreferrer nofollow\" href=\"https:\/\/www.facebook.com\/sharer\/sharer.php?u=https:\/\/www.prodizayn.com.tr\/prodizayn-laminat-parke-ve-lamine-parke-koleksiyonlari-1\/\" target=\"_blank\" class=\" wd-social-icon social-facebook\" aria-label=\"Facebook social link\">\n\t\t\t\t\t\t<span class=\"wd-icon\"><\/span>\n\t\t\t\t\t\t\t\t\t\t\t<\/a>\n\t\t\t\t\n\t\t\t\t\t\t\t\t\t<a rel=\"noopener noreferrer nofollow\" href=\"https:\/\/x.com\/share?url=https:\/\/www.prodizayn.com.tr\/prodizayn-laminat-parke-ve-lamine-parke-koleksiyonlari-1\/\" target=\"_blank\" class=\" wd-social-icon social-twitter\" aria-label=\"X social link\">\n\t\t\t\t\t\t<span class=\"wd-icon\"><\/span>\n\t\t\t\t\t\t\t\t\t\t\t<\/a>\n\t\t\t\t\n\t\t\t\t\n\t\t\t\t\t\t\t\t\t<a rel=\"noopener noreferrer nofollow\" href=\"mailto:?subject=Check%20this%20https:\/\/www.prodizayn.com.tr\/prodizayn-laminat-parke-ve-lamine-parke-koleksiyonlari-1\/\" target=\"_blank\" class=\" wd-social-icon social-email\" aria-label=\"Email social link\">\n\t\t\t\t\t\t<span class=\"wd-icon\"><\/span>\n\t\t\t\t\t\t\t\t\t\t\t<\/a>\n\t\t\t\t\n\t\t\t\t\n\t\t\t\t\n\t\t\t\t\n\t\t\t\t\n\t\t\t\t\n\t\t\t\t\t\t\t\t\t<a rel=\"noopener noreferrer nofollow\" href=\"https:\/\/www.linkedin.com\/shareArticle?mini=true&url=https:\/\/www.prodizayn.com.tr\/prodizayn-laminat-parke-ve-lamine-parke-koleksiyonlari-1\/\" target=\"_blank\" class=\" wd-social-icon social-linkedin\" aria-label=\"Linkedin social link\">\n\t\t\t\t\t\t<span class=\"wd-icon\"><\/span>\n\t\t\t\t\t\t\t\t\t\t\t<\/a>\n\t\t\t\t\n\t\t\t\t\n\t\t\t\t\n\t\t\t\t\n\t\t\t\t\n\t\t\t\t\n\t\t\t\t\n\t\t\t\t\n\t\t\t\t\n\t\t\t\t\t\t\t\t\t<a rel=\"noopener noreferrer nofollow\" href=\"https:\/\/api.whatsapp.com\/send?text=https%3A%2F%2Fwww.prodizayn.com.tr%2Fprodizayn-laminat-parke-ve-lamine-parke-koleksiyonlari-1%2F\" target=\"_blank\" class=\"wd-hide-md  wd-social-icon social-whatsapp\" aria-label=\"WhatsApp social link\">\n\t\t\t\t\t\t<span class=\"wd-icon\"><\/span>\n\t\t\t\t\t\t\t\t\t\t\t<\/a>\n\n\t\t\t\t\t<a rel=\"noopener noreferrer nofollow\" href=\"whatsapp:\/\/send?text=https%3A%2F%2Fwww.prodizayn.com.tr%2Fprodizayn-laminat-parke-ve-lamine-parke-koleksiyonlari-1%2F\" target=\"_blank\" class=\"wd-hide-lg  wd-social-icon social-whatsapp\" aria-label=\"WhatsApp social link\">\n\t\t\t\t\t\t<span class=\"wd-icon\"><\/span>\n\t\t\t\t\t\t\t\t\t\t\t<\/a>\n\t\t\t\t\n\t\t\t\t\n\t\t\t\t\n\t\t\t\t\n\t\t\t\t\n\t\t\t\t\n\t\t\t\t\n\t\t\t\t\n\t\t\t<\/div>\n\n\t\t\t\t\t\t\t\t\t\t<\/div>\n\t\t\t\t\t\t\t\t<div class=\"tooltip-arrow\"><\/div>\n\t\t\t\t\t\t\t<\/div>\n\t\t\t\t\t\t<\/div>\n\t\t\t\t\t\n\t\t\t\t\t\t\t\t\t<\/div>\n\t\t\t\n\t\t\t\t\t\t\t\t\t\t\t\t<div class=\"wd-post-excerpt entry-content\">\n\t\t\t\t\t\tProdizayn Laminat Parke ve Lamine Parke Koleksiyonlar\u0131Prodizayn laminat parke koleksiyonu \u00f6zenle se\u00e7ilmi\u015f \u00fcr\u00fcnleri bir araya ...\t\t\t\t\t<\/div>\n\t\t\t\t\n\t\t\t\t\t\t\t\t\t\t\t\t\t\t<div class=\"wd-post-read-more wd-style-link read-more-section\">\n\t\t\t\t\t\t<a class=\"\" href=\"https:\/\/www.prodizayn.com.tr\/prodizayn-laminat-parke-ve-lamine-parke-koleksiyonlari-1\/\">Continue reading<\/a>\t\t\t\t\t<\/div>\n\t\t\t\t\t\t\t\t\t\t\t\t\t<\/div>\n\t<\/div>\n<\/article>\n\n\t\t\t\t\t\t\t\t\t\t\t\n<article id=\"post-19027\" class=\"wd-post blog-design-chess blog-post-loop blog-design-small-images blog-style-bg wd-add-shadow wd-col post-19027 post type-post status-publish format-standard has-post-thumbnail hentry category-estetik category-laminat-parke category-lamine-parke tag-berry-alloc tag-high-pressure-laminate tag-laminant tag-laminat-istanbul tag-laminat-parke tag-laminat-turkiye tag-lamine-istanbul tag-lamine-mi-laminat-mi tag-lamine-parke tag-lamine-parke-ve-laminat-parke-arasindaki-farklar tag-lamine-temizligi tag-lamine-turkiye tag-parke-temizligi tag-prodizayn tag-zemin-dosemeleri tag-zemin-kaplama\">\n\t<div class=\"wd-post-inner article-inner\">\n\t\t\t\t\t<div class=\"wd-post-thumb entry-header\">\n\t\t\t\t\t\t\t\t\t<div class=\"wd-post-img post-img-wrapp\">\n\t\t\t\t\t\t<img width=\"800\" height=\"600\" src=\"https:\/\/www.prodizayn.com.tr\/wp-content\/uploads\/2025\/04\/lamine-parke-ve-laminat-parke-arasindaki-farklar.jpg\" class=\"attachment-large size-large\" alt=\"\" decoding=\"async\" loading=\"lazy\" srcset=\"https:\/\/www.prodizayn.com.tr\/wp-content\/uploads\/2025\/04\/lamine-parke-ve-laminat-parke-arasindaki-farklar.jpg 800w, https:\/\/www.prodizayn.com.tr\/wp-content\/uploads\/2025\/04\/lamine-parke-ve-laminat-parke-arasindaki-farklar-430x323.jpg 430w, https:\/\/www.prodizayn.com.tr\/wp-content\/uploads\/2025\/04\/lamine-parke-ve-laminat-parke-arasindaki-farklar-150x113.jpg 150w, https:\/\/www.prodizayn.com.tr\/wp-content\/uploads\/2025\/04\/lamine-parke-ve-laminat-parke-arasindaki-farklar-700x525.jpg 700w, https:\/\/www.prodizayn.com.tr\/wp-content\/uploads\/2025\/04\/lamine-parke-ve-laminat-parke-arasindaki-farklar-400x300.jpg 400w, https:\/\/www.prodizayn.com.tr\/wp-content\/uploads\/2025\/04\/lamine-parke-ve-laminat-parke-arasindaki-farklar-768x576.jpg 768w\" sizes=\"auto, (max-width: 800px) 100vw, 800px\" \/>\t\t\t\t\t<\/div>\n\t\t\t\t\t\t\t\t\t\t<a class=\"wd-fill\" tabindex=\"-1\" href=\"https:\/\/www.prodizayn.com.tr\/lamine-parke-ve-laminat-parke-arasindaki-farklar\/\" aria-label=\"Link on post Lamine Parke Ve Laminat Parke Aras\u0131ndaki Farklar\"><\/a>\n\t\t\t\t\n\t\t\t\t\t\t\t<\/div>\n\t\t\n\t\t<div class=\"wd-post-content article-body-container\">\n\t\t\t\t\t\t\t<div class=\"wd-post-cat wd-style-with-bg meta-post-categories\">\n\t\t\t\t\t<a href=\"https:\/\/www.prodizayn.com.tr\/category\/estetik\/\" rel=\"category tag\">Estetik<\/a>, <a href=\"https:\/\/www.prodizayn.com.tr\/category\/laminat-parke\/\" rel=\"category tag\">Laminat Parke<\/a>, <a href=\"https:\/\/www.prodizayn.com.tr\/category\/lamine-parke\/\" rel=\"category tag\">Lamine Parke<\/a>\t\t\t\t<\/div>\n\t\t\t\n\t\t\t\t\t\t\t<h3 class=\"wd-post-title wd-entities-title title post-title\">\n\t\t\t\t\t<a href=\"https:\/\/www.prodizayn.com.tr\/lamine-parke-ve-laminat-parke-arasindaki-farklar\/\" rel=\"bookmark\">Lamine Parke Ve Laminat Parke Aras\u0131ndaki Farklar<\/a>\n\t\t\t\t<\/h3>\n\t\t\t\n\t\t\t\t\t\t\t<div class=\"wd-post-meta\">\n\t\t\t\t\t\t\t\t\t\t\t\t\t\t\t<div class=\"wd-post-author\">\n\t\t\t\t\t\t\t\t\t\t\t<span>Posted by<\/span>\n\t\t\n\t\t\t\t\t\t\t\n\t\t\t\t\t<a href=\"https:\/\/www.prodizayn.com.tr\/author\/yasemin\/\" class=\"author\" rel=\"author\">Yasemin<\/a>\n\t\t\t\t\t\t\t\t\t<\/div>\n\t\t\t\t\t<div class=\"wd-modified-date\">\n\t\t\t\t\t\t\t\t<time class=\"updated\" datetime=\"2025-09-19T11:39:51+00:00\">\n\t\t\t19\/09\/2025\t\t<\/time>\n\t\t\t\t\t\t\t<\/div>\n\n\t\t\t\t\t\t\t\t\t\t\t<div tabindex=\"0\" class=\"wd-post-share wd-tltp\">\n\t\t\t\t\t\t\t<div class=\"tooltip top\">\n\t\t\t\t\t\t\t\t<div class=\"tooltip-inner\">\n\t\t\t\t\t\t\t\t\t\t\t\t<div\n\t\t\t\t\t\tclass=\" wd-social-icons wd-style-default wd-size-small social-share wd-shape-circle color-scheme-light text-center\">\n\t\t\t\t\n\t\t\t\t\n\t\t\t\t\t\t\t\t\t<a rel=\"noopener noreferrer nofollow\" href=\"https:\/\/www.facebook.com\/sharer\/sharer.php?u=https:\/\/www.prodizayn.com.tr\/lamine-parke-ve-laminat-parke-arasindaki-farklar\/\" target=\"_blank\" class=\" wd-social-icon social-facebook\" aria-label=\"Facebook social link\">\n\t\t\t\t\t\t<span class=\"wd-icon\"><\/span>\n\t\t\t\t\t\t\t\t\t\t\t<\/a>\n\t\t\t\t\n\t\t\t\t\t\t\t\t\t<a rel=\"noopener noreferrer nofollow\" href=\"https:\/\/x.com\/share?url=https:\/\/www.prodizayn.com.tr\/lamine-parke-ve-laminat-parke-arasindaki-farklar\/\" target=\"_blank\" class=\" wd-social-icon social-twitter\" aria-label=\"X social link\">\n\t\t\t\t\t\t<span class=\"wd-icon\"><\/span>\n\t\t\t\t\t\t\t\t\t\t\t<\/a>\n\t\t\t\t\n\t\t\t\t\n\t\t\t\t\t\t\t\t\t<a rel=\"noopener noreferrer nofollow\" href=\"mailto:?subject=Check%20this%20https:\/\/www.prodizayn.com.tr\/lamine-parke-ve-laminat-parke-arasindaki-farklar\/\" target=\"_blank\" class=\" wd-social-icon social-email\" aria-label=\"Email social link\">\n\t\t\t\t\t\t<span class=\"wd-icon\"><\/span>\n\t\t\t\t\t\t\t\t\t\t\t<\/a>\n\t\t\t\t\n\t\t\t\t\n\t\t\t\t\n\t\t\t\t\n\t\t\t\t\n\t\t\t\t\n\t\t\t\t\t\t\t\t\t<a rel=\"noopener noreferrer nofollow\" href=\"https:\/\/www.linkedin.com\/shareArticle?mini=true&url=https:\/\/www.prodizayn.com.tr\/lamine-parke-ve-laminat-parke-arasindaki-farklar\/\" target=\"_blank\" class=\" wd-social-icon social-linkedin\" aria-label=\"Linkedin social link\">\n\t\t\t\t\t\t<span class=\"wd-icon\"><\/span>\n\t\t\t\t\t\t\t\t\t\t\t<\/a>\n\t\t\t\t\n\t\t\t\t\n\t\t\t\t\n\t\t\t\t\n\t\t\t\t\n\t\t\t\t\n\t\t\t\t\n\t\t\t\t\n\t\t\t\t\n\t\t\t\t\t\t\t\t\t<a rel=\"noopener noreferrer nofollow\" href=\"https:\/\/api.whatsapp.com\/send?text=https%3A%2F%2Fwww.prodizayn.com.tr%2Flamine-parke-ve-laminat-parke-arasindaki-farklar%2F\" target=\"_blank\" class=\"wd-hide-md  wd-social-icon social-whatsapp\" aria-label=\"WhatsApp social link\">\n\t\t\t\t\t\t<span class=\"wd-icon\"><\/span>\n\t\t\t\t\t\t\t\t\t\t\t<\/a>\n\n\t\t\t\t\t<a rel=\"noopener noreferrer nofollow\" href=\"whatsapp:\/\/send?text=https%3A%2F%2Fwww.prodizayn.com.tr%2Flamine-parke-ve-laminat-parke-arasindaki-farklar%2F\" target=\"_blank\" class=\"wd-hide-lg  wd-social-icon social-whatsapp\" aria-label=\"WhatsApp social link\">\n\t\t\t\t\t\t<span class=\"wd-icon\"><\/span>\n\t\t\t\t\t\t\t\t\t\t\t<\/a>\n\t\t\t\t\n\t\t\t\t\n\t\t\t\t\n\t\t\t\t\n\t\t\t\t\n\t\t\t\t\n\t\t\t\t\n\t\t\t\t\n\t\t\t<\/div>\n\n\t\t\t\t\t\t\t\t\t\t<\/div>\n\t\t\t\t\t\t\t\t<div class=\"tooltip-arrow\"><\/div>\n\t\t\t\t\t\t\t<\/div>\n\t\t\t\t\t\t<\/div>\n\t\t\t\t\t\n\t\t\t\t\t\t\t\t\t<\/div>\n\t\t\t\n\t\t\t\t\t\t\t\t\t\t\t\t<div class=\"wd-post-excerpt entry-content\">\n\t\t\t\t\t\tLamine Parke ve Laminat Parke aras\u0131ndaki farklar.Lamine ve laminat parke aras\u0131nda ki farklar \u00e7ok bariz ve belirgindin seviyed...\t\t\t\t\t<\/div>\n\t\t\t\t\n\t\t\t\t\t\t\t\t\t\t\t\t\t\t<div class=\"wd-post-read-more wd-style-link read-more-section\">\n\t\t\t\t\t\t<a class=\"\" href=\"https:\/\/www.prodizayn.com.tr\/lamine-parke-ve-laminat-parke-arasindaki-farklar\/\">Continue reading<\/a>\t\t\t\t\t<\/div>\n\t\t\t\t\t\t\t\t\t\t\t\t\t<\/div>\n\t<\/div>\n<\/article>\n\n\t\t\t\t\t\t\t\t\t\t\t\n<article id=\"post-19020\" class=\"wd-post blog-design-chess blog-post-loop blog-design-small-images blog-style-bg wd-add-shadow wd-col post-19020 post type-post status-publish format-standard has-post-thumbnail hentry category-deck category-estetik tag-ahsap-deck tag-berry-alloc tag-iroko-deck tag-istanbul-ahsap-deck tag-istanbul-ahsap-deck-modelleri tag-prodizayn tag-teak-deck tag-thermowood-cam-deck tag-thermowood-dis-budak-deck tag-turkiye-ahsap-deck tag-zemin-dosemeleri tag-zemin-kaplama\">\n\t<div class=\"wd-post-inner article-inner\">\n\t\t\t\t\t<div class=\"wd-post-thumb entry-header\">\n\t\t\t\t\t\t\t\t\t<div class=\"wd-post-img post-img-wrapp\">\n\t\t\t\t\t\t<img width=\"800\" height=\"600\" src=\"https:\/\/www.prodizayn.com.tr\/wp-content\/uploads\/2025\/04\/istanbul-ahsap-deck.jpg\" class=\"attachment-large size-large\" alt=\"\" decoding=\"async\" loading=\"lazy\" srcset=\"https:\/\/www.prodizayn.com.tr\/wp-content\/uploads\/2025\/04\/istanbul-ahsap-deck.jpg 800w, https:\/\/www.prodizayn.com.tr\/wp-content\/uploads\/2025\/04\/istanbul-ahsap-deck-430x323.jpg 430w, https:\/\/www.prodizayn.com.tr\/wp-content\/uploads\/2025\/04\/istanbul-ahsap-deck-150x113.jpg 150w, https:\/\/www.prodizayn.com.tr\/wp-content\/uploads\/2025\/04\/istanbul-ahsap-deck-700x525.jpg 700w, https:\/\/www.prodizayn.com.tr\/wp-content\/uploads\/2025\/04\/istanbul-ahsap-deck-400x300.jpg 400w, https:\/\/www.prodizayn.com.tr\/wp-content\/uploads\/2025\/04\/istanbul-ahsap-deck-768x576.jpg 768w\" sizes=\"auto, (max-width: 800px) 100vw, 800px\" \/>\t\t\t\t\t<\/div>\n\t\t\t\t\t\t\t\t\t\t<a class=\"wd-fill\" tabindex=\"-1\" href=\"https:\/\/www.prodizayn.com.tr\/istanbul-ahsap-deck-modelleri\/\" aria-label=\"Link on post \u0130stanbul Ah\u015fap Deck Modelleri\"><\/a>\n\t\t\t\t\n\t\t\t\t\t\t\t<\/div>\n\t\t\n\t\t<div class=\"wd-post-content article-body-container\">\n\t\t\t\t\t\t\t<div class=\"wd-post-cat wd-style-with-bg meta-post-categories\">\n\t\t\t\t\t<a href=\"https:\/\/www.prodizayn.com.tr\/category\/deck\/\" rel=\"category tag\">Deck<\/a>, <a href=\"https:\/\/www.prodizayn.com.tr\/category\/estetik\/\" rel=\"category tag\">Estetik<\/a>\t\t\t\t<\/div>\n\t\t\t\n\t\t\t\t\t\t\t<h3 class=\"wd-post-title wd-entities-title title post-title\">\n\t\t\t\t\t<a href=\"https:\/\/www.prodizayn.com.tr\/istanbul-ahsap-deck-modelleri\/\" rel=\"bookmark\">\u0130stanbul Ah\u015fap Deck Modelleri<\/a>\n\t\t\t\t<\/h3>\n\t\t\t\n\t\t\t\t\t\t\t<div class=\"wd-post-meta\">\n\t\t\t\t\t\t\t\t\t\t\t\t\t\t\t<div class=\"wd-post-author\">\n\t\t\t\t\t\t\t\t\t\t\t<span>Posted by<\/span>\n\t\t\n\t\t\t\t\t\t\t\n\t\t\t\t\t<a href=\"https:\/\/www.prodizayn.com.tr\/author\/yasemin\/\" class=\"author\" rel=\"author\">Yasemin<\/a>\n\t\t\t\t\t\t\t\t\t<\/div>\n\t\t\t\t\t<div class=\"wd-modified-date\">\n\t\t\t\t\t\t\t\t<time class=\"updated\" datetime=\"2025-09-19T11:53:23+00:00\">\n\t\t\t19\/09\/2025\t\t<\/time>\n\t\t\t\t\t\t\t<\/div>\n\n\t\t\t\t\t\t\t\t\t\t\t<div tabindex=\"0\" class=\"wd-post-share wd-tltp\">\n\t\t\t\t\t\t\t<div class=\"tooltip top\">\n\t\t\t\t\t\t\t\t<div class=\"tooltip-inner\">\n\t\t\t\t\t\t\t\t\t\t\t\t<div\n\t\t\t\t\t\tclass=\" wd-social-icons wd-style-default wd-size-small social-share wd-shape-circle color-scheme-light text-center\">\n\t\t\t\t\n\t\t\t\t\n\t\t\t\t\t\t\t\t\t<a rel=\"noopener noreferrer nofollow\" href=\"https:\/\/www.facebook.com\/sharer\/sharer.php?u=https:\/\/www.prodizayn.com.tr\/istanbul-ahsap-deck-modelleri\/\" target=\"_blank\" class=\" wd-social-icon social-facebook\" aria-label=\"Facebook social link\">\n\t\t\t\t\t\t<span class=\"wd-icon\"><\/span>\n\t\t\t\t\t\t\t\t\t\t\t<\/a>\n\t\t\t\t\n\t\t\t\t\t\t\t\t\t<a rel=\"noopener noreferrer nofollow\" href=\"https:\/\/x.com\/share?url=https:\/\/www.prodizayn.com.tr\/istanbul-ahsap-deck-modelleri\/\" target=\"_blank\" class=\" wd-social-icon social-twitter\" aria-label=\"X social link\">\n\t\t\t\t\t\t<span class=\"wd-icon\"><\/span>\n\t\t\t\t\t\t\t\t\t\t\t<\/a>\n\t\t\t\t\n\t\t\t\t\n\t\t\t\t\t\t\t\t\t<a rel=\"noopener noreferrer nofollow\" href=\"mailto:?subject=Check%20this%20https:\/\/www.prodizayn.com.tr\/istanbul-ahsap-deck-modelleri\/\" target=\"_blank\" class=\" wd-social-icon social-email\" aria-label=\"Email social link\">\n\t\t\t\t\t\t<span class=\"wd-icon\"><\/span>\n\t\t\t\t\t\t\t\t\t\t\t<\/a>\n\t\t\t\t\n\t\t\t\t\n\t\t\t\t\n\t\t\t\t\n\t\t\t\t\n\t\t\t\t\n\t\t\t\t\t\t\t\t\t<a rel=\"noopener noreferrer nofollow\" href=\"https:\/\/www.linkedin.com\/shareArticle?mini=true&url=https:\/\/www.prodizayn.com.tr\/istanbul-ahsap-deck-modelleri\/\" target=\"_blank\" class=\" wd-social-icon social-linkedin\" aria-label=\"Linkedin social link\">\n\t\t\t\t\t\t<span class=\"wd-icon\"><\/span>\n\t\t\t\t\t\t\t\t\t\t\t<\/a>\n\t\t\t\t\n\t\t\t\t\n\t\t\t\t\n\t\t\t\t\n\t\t\t\t\n\t\t\t\t\n\t\t\t\t\n\t\t\t\t\n\t\t\t\t\n\t\t\t\t\t\t\t\t\t<a rel=\"noopener noreferrer nofollow\" href=\"https:\/\/api.whatsapp.com\/send?text=https%3A%2F%2Fwww.prodizayn.com.tr%2Fistanbul-ahsap-deck-modelleri%2F\" target=\"_blank\" class=\"wd-hide-md  wd-social-icon social-whatsapp\" aria-label=\"WhatsApp social link\">\n\t\t\t\t\t\t<span class=\"wd-icon\"><\/span>\n\t\t\t\t\t\t\t\t\t\t\t<\/a>\n\n\t\t\t\t\t<a rel=\"noopener noreferrer nofollow\" href=\"whatsapp:\/\/send?text=https%3A%2F%2Fwww.prodizayn.com.tr%2Fistanbul-ahsap-deck-modelleri%2F\" target=\"_blank\" class=\"wd-hide-lg  wd-social-icon social-whatsapp\" aria-label=\"WhatsApp social link\">\n\t\t\t\t\t\t<span class=\"wd-icon\"><\/span>\n\t\t\t\t\t\t\t\t\t\t\t<\/a>\n\t\t\t\t\n\t\t\t\t\n\t\t\t\t\n\t\t\t\t\n\t\t\t\t\n\t\t\t\t\n\t\t\t\t\n\t\t\t\t\n\t\t\t<\/div>\n\n\t\t\t\t\t\t\t\t\t\t<\/div>\n\t\t\t\t\t\t\t\t<div class=\"tooltip-arrow\"><\/div>\n\t\t\t\t\t\t\t<\/div>\n\t\t\t\t\t\t<\/div>\n\t\t\t\t\t\n\t\t\t\t\t\t\t\t\t<\/div>\n\t\t\t\n\t\t\t\t\t\t\t\t\t\t\t\t<div class=\"wd-post-excerpt entry-content\">\n\t\t\t\t\t\t\u0130stanbul Ah\u015fap Deck ModelleriBu yaz\u0131 dizimizde ah\u015fap ve kompozit deck \u00fcr\u00fcnleri ayr\u0131 ayr\u0131 olarak ele alaca\u011f\u0131z.\u00a0Prodizayn ah\u015fap...\t\t\t\t\t<\/div>\n\t\t\t\t\n\t\t\t\t\t\t\t\t\t\t\t\t\t\t<div class=\"wd-post-read-more wd-style-link read-more-section\">\n\t\t\t\t\t\t<a class=\"\" href=\"https:\/\/www.prodizayn.com.tr\/istanbul-ahsap-deck-modelleri\/\">Continue reading<\/a>\t\t\t\t\t<\/div>\n\t\t\t\t\t\t\t\t\t\t\t\t\t<\/div>\n\t<\/div>\n<\/article>\n\n\t\t\t\t\t\t\t\t\t\t\t\n<article id=\"post-19010\" class=\"wd-post blog-design-chess blog-post-loop blog-design-small-images blog-style-bg wd-add-shadow wd-col post-19010 post type-post status-publish format-standard has-post-thumbnail hentry category-estetik category-lamine-parke tag-baliksirti-lamine-parke tag-berry-alloc tag-genis-lamine-parke tag-istanbul-lamine-parke-koleksiyonu tag-lamine-parke-istanbul tag-lamine-parke-koleksiyonu tag-lamine-parke-turkiye tag-lamine-temizligi tag-macar-lamine-parke tag-prodizayn tag-turkiye-lamine-parke-koleksiyonu\">\n\t<div class=\"wd-post-inner article-inner\">\n\t\t\t\t\t<div class=\"wd-post-thumb entry-header\">\n\t\t\t\t\t\t\t\t\t<div class=\"wd-post-img post-img-wrapp\">\n\t\t\t\t\t\t<img width=\"800\" height=\"600\" src=\"https:\/\/www.prodizayn.com.tr\/wp-content\/uploads\/2025\/04\/istanbul-lamine-parke.jpg\" class=\"attachment-large size-large\" alt=\"\" decoding=\"async\" loading=\"lazy\" srcset=\"https:\/\/www.prodizayn.com.tr\/wp-content\/uploads\/2025\/04\/istanbul-lamine-parke.jpg 800w, https:\/\/www.prodizayn.com.tr\/wp-content\/uploads\/2025\/04\/istanbul-lamine-parke-430x323.jpg 430w, https:\/\/www.prodizayn.com.tr\/wp-content\/uploads\/2025\/04\/istanbul-lamine-parke-150x113.jpg 150w, https:\/\/www.prodizayn.com.tr\/wp-content\/uploads\/2025\/04\/istanbul-lamine-parke-700x525.jpg 700w, https:\/\/www.prodizayn.com.tr\/wp-content\/uploads\/2025\/04\/istanbul-lamine-parke-400x300.jpg 400w, https:\/\/www.prodizayn.com.tr\/wp-content\/uploads\/2025\/04\/istanbul-lamine-parke-768x576.jpg 768w\" sizes=\"auto, (max-width: 800px) 100vw, 800px\" \/>\t\t\t\t\t<\/div>\n\t\t\t\t\t\t\t\t\t\t<a class=\"wd-fill\" tabindex=\"-1\" href=\"https:\/\/www.prodizayn.com.tr\/istanbul-lamine-parke-koleksiyonu\/\" aria-label=\"Link on post \u0130stanbul Lamine Parke Koleksiyonu\"><\/a>\n\t\t\t\t\n\t\t\t\t\t\t\t<\/div>\n\t\t\n\t\t<div class=\"wd-post-content article-body-container\">\n\t\t\t\t\t\t\t<div class=\"wd-post-cat wd-style-with-bg meta-post-categories\">\n\t\t\t\t\t<a href=\"https:\/\/www.prodizayn.com.tr\/category\/estetik\/\" rel=\"category tag\">Estetik<\/a>, <a href=\"https:\/\/www.prodizayn.com.tr\/category\/lamine-parke\/\" rel=\"category tag\">Lamine Parke<\/a>\t\t\t\t<\/div>\n\t\t\t\n\t\t\t\t\t\t\t<h3 class=\"wd-post-title wd-entities-title title post-title\">\n\t\t\t\t\t<a href=\"https:\/\/www.prodizayn.com.tr\/istanbul-lamine-parke-koleksiyonu\/\" rel=\"bookmark\">\u0130stanbul Lamine Parke Koleksiyonu<\/a>\n\t\t\t\t<\/h3>\n\t\t\t\n\t\t\t\t\t\t\t<div class=\"wd-post-meta\">\n\t\t\t\t\t\t\t\t\t\t\t\t\t\t\t<div class=\"wd-post-author\">\n\t\t\t\t\t\t\t\t\t\t\t<span>Posted by<\/span>\n\t\t\n\t\t\t\t\t\t\t\n\t\t\t\t\t<a href=\"https:\/\/www.prodizayn.com.tr\/author\/yasemin\/\" class=\"author\" rel=\"author\">Yasemin<\/a>\n\t\t\t\t\t\t\t\t\t<\/div>\n\t\t\t\t\t<div class=\"wd-modified-date\">\n\t\t\t\t\t\t\t\t<time class=\"updated\" datetime=\"2025-09-19T12:10:19+00:00\">\n\t\t\t19\/09\/2025\t\t<\/time>\n\t\t\t\t\t\t\t<\/div>\n\n\t\t\t\t\t\t\t\t\t\t\t<div tabindex=\"0\" class=\"wd-post-share wd-tltp\">\n\t\t\t\t\t\t\t<div class=\"tooltip top\">\n\t\t\t\t\t\t\t\t<div class=\"tooltip-inner\">\n\t\t\t\t\t\t\t\t\t\t\t\t<div\n\t\t\t\t\t\tclass=\" wd-social-icons wd-style-default wd-size-small social-share wd-shape-circle color-scheme-light text-center\">\n\t\t\t\t\n\t\t\t\t\n\t\t\t\t\t\t\t\t\t<a rel=\"noopener noreferrer nofollow\" href=\"https:\/\/www.facebook.com\/sharer\/sharer.php?u=https:\/\/www.prodizayn.com.tr\/istanbul-lamine-parke-koleksiyonu\/\" target=\"_blank\" class=\" wd-social-icon social-facebook\" aria-label=\"Facebook social link\">\n\t\t\t\t\t\t<span class=\"wd-icon\"><\/span>\n\t\t\t\t\t\t\t\t\t\t\t<\/a>\n\t\t\t\t\n\t\t\t\t\t\t\t\t\t<a rel=\"noopener noreferrer nofollow\" href=\"https:\/\/x.com\/share?url=https:\/\/www.prodizayn.com.tr\/istanbul-lamine-parke-koleksiyonu\/\" target=\"_blank\" class=\" wd-social-icon social-twitter\" aria-label=\"X social link\">\n\t\t\t\t\t\t<span class=\"wd-icon\"><\/span>\n\t\t\t\t\t\t\t\t\t\t\t<\/a>\n\t\t\t\t\n\t\t\t\t\n\t\t\t\t\t\t\t\t\t<a rel=\"noopener noreferrer nofollow\" href=\"mailto:?subject=Check%20this%20https:\/\/www.prodizayn.com.tr\/istanbul-lamine-parke-koleksiyonu\/\" target=\"_blank\" class=\" wd-social-icon social-email\" aria-label=\"Email social link\">\n\t\t\t\t\t\t<span class=\"wd-icon\"><\/span>\n\t\t\t\t\t\t\t\t\t\t\t<\/a>\n\t\t\t\t\n\t\t\t\t\n\t\t\t\t\n\t\t\t\t\n\t\t\t\t\n\t\t\t\t\n\t\t\t\t\t\t\t\t\t<a rel=\"noopener noreferrer nofollow\" href=\"https:\/\/www.linkedin.com\/shareArticle?mini=true&url=https:\/\/www.prodizayn.com.tr\/istanbul-lamine-parke-koleksiyonu\/\" target=\"_blank\" class=\" wd-social-icon social-linkedin\" aria-label=\"Linkedin social link\">\n\t\t\t\t\t\t<span class=\"wd-icon\"><\/span>\n\t\t\t\t\t\t\t\t\t\t\t<\/a>\n\t\t\t\t\n\t\t\t\t\n\t\t\t\t\n\t\t\t\t\n\t\t\t\t\n\t\t\t\t\n\t\t\t\t\n\t\t\t\t\n\t\t\t\t\n\t\t\t\t\t\t\t\t\t<a rel=\"noopener noreferrer nofollow\" href=\"https:\/\/api.whatsapp.com\/send?text=https%3A%2F%2Fwww.prodizayn.com.tr%2Fistanbul-lamine-parke-koleksiyonu%2F\" target=\"_blank\" class=\"wd-hide-md  wd-social-icon social-whatsapp\" aria-label=\"WhatsApp social link\">\n\t\t\t\t\t\t<span class=\"wd-icon\"><\/span>\n\t\t\t\t\t\t\t\t\t\t\t<\/a>\n\n\t\t\t\t\t<a rel=\"noopener noreferrer nofollow\" href=\"whatsapp:\/\/send?text=https%3A%2F%2Fwww.prodizayn.com.tr%2Fistanbul-lamine-parke-koleksiyonu%2F\" target=\"_blank\" class=\"wd-hide-lg  wd-social-icon social-whatsapp\" aria-label=\"WhatsApp social link\">\n\t\t\t\t\t\t<span class=\"wd-icon\"><\/span>\n\t\t\t\t\t\t\t\t\t\t\t<\/a>\n\t\t\t\t\n\t\t\t\t\n\t\t\t\t\n\t\t\t\t\n\t\t\t\t\n\t\t\t\t\n\t\t\t\t\n\t\t\t\t\n\t\t\t<\/div>\n\n\t\t\t\t\t\t\t\t\t\t<\/div>\n\t\t\t\t\t\t\t\t<div class=\"tooltip-arrow\"><\/div>\n\t\t\t\t\t\t\t<\/div>\n\t\t\t\t\t\t<\/div>\n\t\t\t\t\t\n\t\t\t\t\t\t\t\t\t<\/div>\n\t\t\t\n\t\t\t\t\t\t\t\t\t\t\t\t<div class=\"wd-post-excerpt entry-content\">\n\t\t\t\t\t\t\u0130stanbul Lamine Parke KoleksiyonuProdizayn lamine parke koleksiyonu uzun ve detayl\u0131 bir ara\u015ft\u0131rma ve uygulama sonucunda. Uzma...\t\t\t\t\t<\/div>\n\t\t\t\t\n\t\t\t\t\t\t\t\t\t\t\t\t\t\t<div class=\"wd-post-read-more wd-style-link read-more-section\">\n\t\t\t\t\t\t<a class=\"\" href=\"https:\/\/www.prodizayn.com.tr\/istanbul-lamine-parke-koleksiyonu\/\">Continue reading<\/a>\t\t\t\t\t<\/div>\n\t\t\t\t\t\t\t\t\t\t\t\t\t<\/div>\n\t<\/div>\n<\/article>\n\n\t\t\t\t\t\t\t\t\t\t\t\n<article id=\"post-18987\" class=\"wd-post blog-design-chess blog-post-loop blog-design-small-images blog-style-bg wd-add-shadow wd-col post-18987 post type-post status-publish format-standard has-post-thumbnail hentry category-deck category-estetik tag-ahsap-kompozit-deck tag-berry-alloc tag-kompozit-deck tag-kompozit-deck-istanbul tag-kompozit-deck-turkiye tag-laminat-parke tag-lamine-parke tag-prodizayn tag-pvc\">\n\t<div class=\"wd-post-inner article-inner\">\n\t\t\t\t\t<div class=\"wd-post-thumb entry-header\">\n\t\t\t\t\t\t\t\t\t<div class=\"wd-post-img post-img-wrapp\">\n\t\t\t\t\t\t<img width=\"800\" height=\"600\" src=\"https:\/\/www.prodizayn.com.tr\/wp-content\/uploads\/2025\/04\/kompozit-deck-nerelerde.jpg\" class=\"attachment-large size-large\" alt=\"\" decoding=\"async\" loading=\"lazy\" srcset=\"https:\/\/www.prodizayn.com.tr\/wp-content\/uploads\/2025\/04\/kompozit-deck-nerelerde.jpg 800w, https:\/\/www.prodizayn.com.tr\/wp-content\/uploads\/2025\/04\/kompozit-deck-nerelerde-430x323.jpg 430w, https:\/\/www.prodizayn.com.tr\/wp-content\/uploads\/2025\/04\/kompozit-deck-nerelerde-150x113.jpg 150w, https:\/\/www.prodizayn.com.tr\/wp-content\/uploads\/2025\/04\/kompozit-deck-nerelerde-700x525.jpg 700w, https:\/\/www.prodizayn.com.tr\/wp-content\/uploads\/2025\/04\/kompozit-deck-nerelerde-400x300.jpg 400w, https:\/\/www.prodizayn.com.tr\/wp-content\/uploads\/2025\/04\/kompozit-deck-nerelerde-768x576.jpg 768w\" sizes=\"auto, (max-width: 800px) 100vw, 800px\" \/>\t\t\t\t\t<\/div>\n\t\t\t\t\t\t\t\t\t\t<a class=\"wd-fill\" tabindex=\"-1\" href=\"https:\/\/www.prodizayn.com.tr\/kompozit-deck-nerelerde-kullanilir\/\" aria-label=\"Link on post Kompozit Deck nerelerde kullan\u0131l\u0131r\"><\/a>\n\t\t\t\t\n\t\t\t\t\t\t\t<\/div>\n\t\t\n\t\t<div class=\"wd-post-content article-body-container\">\n\t\t\t\t\t\t\t<div class=\"wd-post-cat wd-style-with-bg meta-post-categories\">\n\t\t\t\t\t<a href=\"https:\/\/www.prodizayn.com.tr\/category\/deck\/\" rel=\"category tag\">Deck<\/a>, <a href=\"https:\/\/www.prodizayn.com.tr\/category\/estetik\/\" rel=\"category tag\">Estetik<\/a>\t\t\t\t<\/div>\n\t\t\t\n\t\t\t\t\t\t\t<h3 class=\"wd-post-title wd-entities-title title post-title\">\n\t\t\t\t\t<a href=\"https:\/\/www.prodizayn.com.tr\/kompozit-deck-nerelerde-kullanilir\/\" rel=\"bookmark\">Kompozit Deck nerelerde kullan\u0131l\u0131r<\/a>\n\t\t\t\t<\/h3>\n\t\t\t\n\t\t\t\t\t\t\t<div class=\"wd-post-meta\">\n\t\t\t\t\t\t\t\t\t\t\t\t\t\t\t<div class=\"wd-post-author\">\n\t\t\t\t\t\t\t\t\t\t\t<span>Posted by<\/span>\n\t\t\n\t\t\t\t\t\t\t\n\t\t\t\t\t<a href=\"https:\/\/www.prodizayn.com.tr\/author\/yasemin\/\" class=\"author\" rel=\"author\">Yasemin<\/a>\n\t\t\t\t\t\t\t\t\t<\/div>\n\t\t\t\t\t<div class=\"wd-modified-date\">\n\t\t\t\t\t\t\t\t<time class=\"updated\" datetime=\"2025-09-19T12:20:59+00:00\">\n\t\t\t19\/09\/2025\t\t<\/time>\n\t\t\t\t\t\t\t<\/div>\n\n\t\t\t\t\t\t\t\t\t\t\t<div tabindex=\"0\" class=\"wd-post-share wd-tltp\">\n\t\t\t\t\t\t\t<div class=\"tooltip top\">\n\t\t\t\t\t\t\t\t<div class=\"tooltip-inner\">\n\t\t\t\t\t\t\t\t\t\t\t\t<div\n\t\t\t\t\t\tclass=\" wd-social-icons wd-style-default wd-size-small social-share wd-shape-circle color-scheme-light text-center\">\n\t\t\t\t\n\t\t\t\t\n\t\t\t\t\t\t\t\t\t<a rel=\"noopener noreferrer nofollow\" href=\"https:\/\/www.facebook.com\/sharer\/sharer.php?u=https:\/\/www.prodizayn.com.tr\/kompozit-deck-nerelerde-kullanilir\/\" target=\"_blank\" class=\" wd-social-icon social-facebook\" aria-label=\"Facebook social link\">\n\t\t\t\t\t\t<span class=\"wd-icon\"><\/span>\n\t\t\t\t\t\t\t\t\t\t\t<\/a>\n\t\t\t\t\n\t\t\t\t\t\t\t\t\t<a rel=\"noopener noreferrer nofollow\" href=\"https:\/\/x.com\/share?url=https:\/\/www.prodizayn.com.tr\/kompozit-deck-nerelerde-kullanilir\/\" target=\"_blank\" class=\" wd-social-icon social-twitter\" aria-label=\"X social link\">\n\t\t\t\t\t\t<span class=\"wd-icon\"><\/span>\n\t\t\t\t\t\t\t\t\t\t\t<\/a>\n\t\t\t\t\n\t\t\t\t\n\t\t\t\t\t\t\t\t\t<a rel=\"noopener noreferrer nofollow\" href=\"mailto:?subject=Check%20this%20https:\/\/www.prodizayn.com.tr\/kompozit-deck-nerelerde-kullanilir\/\" target=\"_blank\" class=\" wd-social-icon social-email\" aria-label=\"Email social link\">\n\t\t\t\t\t\t<span class=\"wd-icon\"><\/span>\n\t\t\t\t\t\t\t\t\t\t\t<\/a>\n\t\t\t\t\n\t\t\t\t\n\t\t\t\t\n\t\t\t\t\n\t\t\t\t\n\t\t\t\t\n\t\t\t\t\t\t\t\t\t<a rel=\"noopener noreferrer nofollow\" href=\"https:\/\/www.linkedin.com\/shareArticle?mini=true&url=https:\/\/www.prodizayn.com.tr\/kompozit-deck-nerelerde-kullanilir\/\" target=\"_blank\" class=\" wd-social-icon social-linkedin\" aria-label=\"Linkedin social link\">\n\t\t\t\t\t\t<span class=\"wd-icon\"><\/span>\n\t\t\t\t\t\t\t\t\t\t\t<\/a>\n\t\t\t\t\n\t\t\t\t\n\t\t\t\t\n\t\t\t\t\n\t\t\t\t\n\t\t\t\t\n\t\t\t\t\n\t\t\t\t\n\t\t\t\t\n\t\t\t\t\t\t\t\t\t<a rel=\"noopener noreferrer nofollow\" href=\"https:\/\/api.whatsapp.com\/send?text=https%3A%2F%2Fwww.prodizayn.com.tr%2Fkompozit-deck-nerelerde-kullanilir%2F\" target=\"_blank\" class=\"wd-hide-md  wd-social-icon social-whatsapp\" aria-label=\"WhatsApp social link\">\n\t\t\t\t\t\t<span class=\"wd-icon\"><\/span>\n\t\t\t\t\t\t\t\t\t\t\t<\/a>\n\n\t\t\t\t\t<a rel=\"noopener noreferrer nofollow\" href=\"whatsapp:\/\/send?text=https%3A%2F%2Fwww.prodizayn.com.tr%2Fkompozit-deck-nerelerde-kullanilir%2F\" target=\"_blank\" class=\"wd-hide-lg  wd-social-icon social-whatsapp\" aria-label=\"WhatsApp social link\">\n\t\t\t\t\t\t<span class=\"wd-icon\"><\/span>\n\t\t\t\t\t\t\t\t\t\t\t<\/a>\n\t\t\t\t\n\t\t\t\t\n\t\t\t\t\n\t\t\t\t\n\t\t\t\t\n\t\t\t\t\n\t\t\t\t\n\t\t\t\t\n\t\t\t<\/div>\n\n\t\t\t\t\t\t\t\t\t\t<\/div>\n\t\t\t\t\t\t\t\t<div class=\"tooltip-arrow\"><\/div>\n\t\t\t\t\t\t\t<\/div>\n\t\t\t\t\t\t<\/div>\n\t\t\t\t\t\n\t\t\t\t\t\t\t\t\t<\/div>\n\t\t\t\n\t\t\t\t\t\t\t\t\t\t\t\t<div class=\"wd-post-excerpt entry-content\">\n\t\t\t\t\t\tKompozit deck\u00a0en \u00e7ok havuz kenarlar\u0131nda, teraslarda, bah\u00e7elerde ve a\u00e7\u0131k alanlarda kullan\u0131l\u0131r. \u015eimdi\u00a0kompozit deck\u2019in bu geni\u015f...\t\t\t\t\t<\/div>\n\t\t\t\t\n\t\t\t\t\t\t\t\t\t\t\t\t\t\t<div class=\"wd-post-read-more wd-style-link read-more-section\">\n\t\t\t\t\t\t<a class=\"\" href=\"https:\/\/www.prodizayn.com.tr\/kompozit-deck-nerelerde-kullanilir\/\">Continue reading<\/a>\t\t\t\t\t<\/div>\n\t\t\t\t\t\t\t\t\t\t\t\t\t<\/div>\n\t<\/div>\n<\/article>\n\n\t\t\t\t\t\t\t\t\t\t\t\n<article id=\"post-18982\" class=\"wd-post blog-design-chess blog-post-loop blog-design-small-images blog-style-bg wd-add-shadow wd-col post-18982 post type-post status-publish format-standard has-post-thumbnail hentry category-estetik category-laminat-parke tag-berry-alloc tag-high-pressure-laminate tag-laminant tag-laminat-parke tag-lamine-temizligi tag-parke-temizligi tag-prodizayn tag-zemin-dosemeleri tag-zemin-kaplama\">\n\t<div class=\"wd-post-inner article-inner\">\n\t\t\t\t\t<div class=\"wd-post-thumb entry-header\">\n\t\t\t\t\t\t\t\t\t<div class=\"wd-post-img post-img-wrapp\">\n\t\t\t\t\t\t<img width=\"800\" height=\"600\" src=\"https:\/\/www.prodizayn.com.tr\/wp-content\/uploads\/2025\/04\/eviniz-icin-en-uygun.jpg\" class=\"attachment-large size-large\" alt=\"\" decoding=\"async\" loading=\"lazy\" srcset=\"https:\/\/www.prodizayn.com.tr\/wp-content\/uploads\/2025\/04\/eviniz-icin-en-uygun.jpg 800w, https:\/\/www.prodizayn.com.tr\/wp-content\/uploads\/2025\/04\/eviniz-icin-en-uygun-430x323.jpg 430w, https:\/\/www.prodizayn.com.tr\/wp-content\/uploads\/2025\/04\/eviniz-icin-en-uygun-150x113.jpg 150w, https:\/\/www.prodizayn.com.tr\/wp-content\/uploads\/2025\/04\/eviniz-icin-en-uygun-700x525.jpg 700w, https:\/\/www.prodizayn.com.tr\/wp-content\/uploads\/2025\/04\/eviniz-icin-en-uygun-400x300.jpg 400w, https:\/\/www.prodizayn.com.tr\/wp-content\/uploads\/2025\/04\/eviniz-icin-en-uygun-768x576.jpg 768w\" sizes=\"auto, (max-width: 800px) 100vw, 800px\" \/>\t\t\t\t\t<\/div>\n\t\t\t\t\t\t\t\t\t\t<a class=\"wd-fill\" tabindex=\"-1\" href=\"https:\/\/www.prodizayn.com.tr\/eviniz-icin-en-uygun-laminat-parke-secimi\/\" aria-label=\"Link on post Eviniz \u0130\u00e7in En Uygun Laminat Parke Se\u00e7imi\"><\/a>\n\t\t\t\t\n\t\t\t\t\t\t\t<\/div>\n\t\t\n\t\t<div class=\"wd-post-content article-body-container\">\n\t\t\t\t\t\t\t<div class=\"wd-post-cat wd-style-with-bg meta-post-categories\">\n\t\t\t\t\t<a href=\"https:\/\/www.prodizayn.com.tr\/category\/estetik\/\" rel=\"category tag\">Estetik<\/a>, <a href=\"https:\/\/www.prodizayn.com.tr\/category\/laminat-parke\/\" rel=\"category tag\">Laminat Parke<\/a>\t\t\t\t<\/div>\n\t\t\t\n\t\t\t\t\t\t\t<h3 class=\"wd-post-title wd-entities-title title post-title\">\n\t\t\t\t\t<a href=\"https:\/\/www.prodizayn.com.tr\/eviniz-icin-en-uygun-laminat-parke-secimi\/\" rel=\"bookmark\">Eviniz \u0130\u00e7in En Uygun Laminat Parke Se\u00e7imi<\/a>\n\t\t\t\t<\/h3>\n\t\t\t\n\t\t\t\t\t\t\t<div class=\"wd-post-meta\">\n\t\t\t\t\t\t\t\t\t\t\t\t\t\t\t<div class=\"wd-post-author\">\n\t\t\t\t\t\t\t\t\t\t\t<span>Posted by<\/span>\n\t\t\n\t\t\t\t\t\t\t\n\t\t\t\t\t<a href=\"https:\/\/www.prodizayn.com.tr\/author\/yasemin\/\" class=\"author\" rel=\"author\">Yasemin<\/a>\n\t\t\t\t\t\t\t\t\t<\/div>\n\t\t\t\t\t<div class=\"wd-modified-date\">\n\t\t\t\t\t\t\t\t<time class=\"updated\" datetime=\"2025-09-19T12:27:01+00:00\">\n\t\t\t19\/09\/2025\t\t<\/time>\n\t\t\t\t\t\t\t<\/div>\n\n\t\t\t\t\t\t\t\t\t\t\t<div tabindex=\"0\" class=\"wd-post-share wd-tltp\">\n\t\t\t\t\t\t\t<div class=\"tooltip top\">\n\t\t\t\t\t\t\t\t<div class=\"tooltip-inner\">\n\t\t\t\t\t\t\t\t\t\t\t\t<div\n\t\t\t\t\t\tclass=\" wd-social-icons wd-style-default wd-size-small social-share wd-shape-circle color-scheme-light text-center\">\n\t\t\t\t\n\t\t\t\t\n\t\t\t\t\t\t\t\t\t<a rel=\"noopener noreferrer nofollow\" href=\"https:\/\/www.facebook.com\/sharer\/sharer.php?u=https:\/\/www.prodizayn.com.tr\/eviniz-icin-en-uygun-laminat-parke-secimi\/\" target=\"_blank\" class=\" wd-social-icon social-facebook\" aria-label=\"Facebook social link\">\n\t\t\t\t\t\t<span class=\"wd-icon\"><\/span>\n\t\t\t\t\t\t\t\t\t\t\t<\/a>\n\t\t\t\t\n\t\t\t\t\t\t\t\t\t<a rel=\"noopener noreferrer nofollow\" href=\"https:\/\/x.com\/share?url=https:\/\/www.prodizayn.com.tr\/eviniz-icin-en-uygun-laminat-parke-secimi\/\" target=\"_blank\" class=\" wd-social-icon social-twitter\" aria-label=\"X social link\">\n\t\t\t\t\t\t<span class=\"wd-icon\"><\/span>\n\t\t\t\t\t\t\t\t\t\t\t<\/a>\n\t\t\t\t\n\t\t\t\t\n\t\t\t\t\t\t\t\t\t<a rel=\"noopener noreferrer nofollow\" href=\"mailto:?subject=Check%20this%20https:\/\/www.prodizayn.com.tr\/eviniz-icin-en-uygun-laminat-parke-secimi\/\" target=\"_blank\" class=\" wd-social-icon social-email\" aria-label=\"Email social link\">\n\t\t\t\t\t\t<span class=\"wd-icon\"><\/span>\n\t\t\t\t\t\t\t\t\t\t\t<\/a>\n\t\t\t\t\n\t\t\t\t\n\t\t\t\t\n\t\t\t\t\n\t\t\t\t\n\t\t\t\t\n\t\t\t\t\t\t\t\t\t<a rel=\"noopener noreferrer nofollow\" href=\"https:\/\/www.linkedin.com\/shareArticle?mini=true&url=https:\/\/www.prodizayn.com.tr\/eviniz-icin-en-uygun-laminat-parke-secimi\/\" target=\"_blank\" class=\" wd-social-icon social-linkedin\" aria-label=\"Linkedin social link\">\n\t\t\t\t\t\t<span class=\"wd-icon\"><\/span>\n\t\t\t\t\t\t\t\t\t\t\t<\/a>\n\t\t\t\t\n\t\t\t\t\n\t\t\t\t\n\t\t\t\t\n\t\t\t\t\n\t\t\t\t\n\t\t\t\t\n\t\t\t\t\n\t\t\t\t\n\t\t\t\t\t\t\t\t\t<a rel=\"noopener noreferrer nofollow\" href=\"https:\/\/api.whatsapp.com\/send?text=https%3A%2F%2Fwww.prodizayn.com.tr%2Feviniz-icin-en-uygun-laminat-parke-secimi%2F\" target=\"_blank\" class=\"wd-hide-md  wd-social-icon social-whatsapp\" aria-label=\"WhatsApp social link\">\n\t\t\t\t\t\t<span class=\"wd-icon\"><\/span>\n\t\t\t\t\t\t\t\t\t\t\t<\/a>\n\n\t\t\t\t\t<a rel=\"noopener noreferrer nofollow\" href=\"whatsapp:\/\/send?text=https%3A%2F%2Fwww.prodizayn.com.tr%2Feviniz-icin-en-uygun-laminat-parke-secimi%2F\" target=\"_blank\" class=\"wd-hide-lg  wd-social-icon social-whatsapp\" aria-label=\"WhatsApp social link\">\n\t\t\t\t\t\t<span class=\"wd-icon\"><\/span>\n\t\t\t\t\t\t\t\t\t\t\t<\/a>\n\t\t\t\t\n\t\t\t\t\n\t\t\t\t\n\t\t\t\t\n\t\t\t\t\n\t\t\t\t\n\t\t\t\t\n\t\t\t\t\n\t\t\t<\/div>\n\n\t\t\t\t\t\t\t\t\t\t<\/div>\n\t\t\t\t\t\t\t\t<div class=\"tooltip-arrow\"><\/div>\n\t\t\t\t\t\t\t<\/div>\n\t\t\t\t\t\t<\/div>\n\t\t\t\t\t\n\t\t\t\t\t\t\t\t\t<\/div>\n\t\t\t\n\t\t\t\t\t\t\t\t\t\t\t\t<div class=\"wd-post-excerpt entry-content\">\n\t\t\t\t\t\tEvinizi g\u00f6steren en \u00f6nemli unsurlardan biri\u00a0parkedir. Evinizi istedi\u011finiz g\u00f6r\u00fcn\u00fcme\u00a0parkeyle kavu\u015fturabilirsiniz. Gerek rengi,...\t\t\t\t\t<\/div>\n\t\t\t\t\n\t\t\t\t\t\t\t\t\t\t\t\t\t\t<div class=\"wd-post-read-more wd-style-link read-more-section\">\n\t\t\t\t\t\t<a class=\"\" href=\"https:\/\/www.prodizayn.com.tr\/eviniz-icin-en-uygun-laminat-parke-secimi\/\">Continue reading<\/a>\t\t\t\t\t<\/div>\n\t\t\t\t\t\t\t\t\t\t\t\t\t<\/div>\n\t<\/div>\n<\/article>\n\n\t\t\t\t\t\n\t\t\t\t\t","status":"have-posts","nextPage":"https:\/\/www.prodizayn.com.tr\/tag\/berry-alloc\/page\/10\/?woo_ajax=1","currentPage":"https:\/\/www.prodizayn.com.tr\/tag\/berry-alloc\/page\/9"}