
			
				

					
				

			
		{"items":"\n\t\t\t\t\t\t\t\t\t\t\t\n<article id=\"post-19888\" class=\"wd-post blog-design-chess blog-post-loop blog-design-small-images blog-style-bg wd-add-shadow wd-col post-19888 post type-post status-publish format-standard has-post-thumbnail hentry category-ahsap-dekorasyon category-estetik category-laminat-parke category-lamine-parke tag-berry-alloc tag-berry-alloc-istanbul tag-berry-alloc-laminat-parke tag-berry-alloc-turkiye tag-cocuk-odasi-icin-en-saglikli-zemin-kaplama-hangisidir tag-cocuklar-icin-zemin-kaplama tag-cocuklar-icin-zemin-kaplama-nasil-olmalidir tag-cocuklar-icin-zemin-kaplamanin-renkleri-neye-gore-secilmelidir tag-high-pressure-laminate tag-istanbul-zemin-kaplama tag-laminat-parke tag-laminat-zemin-kaplama tag-lamine-parke tag-lamine-zemin-kaplama tag-parke-temizligi tag-prodizayn tag-prodizayn-laminat-parke tag-turkiye-zemin-kaplama tag-zemin-dosemeleri tag-zemin-kaplama tag-zemin-kaplama-nasil-temizlenir\">\n\t<div class=\"wd-post-inner article-inner\">\n\t\t\t\t\t<div class=\"wd-post-thumb entry-header\">\n\t\t\t\t\t\t\t\t\t<div class=\"wd-post-img post-img-wrapp\">\n\t\t\t\t\t\t<img width=\"800\" height=\"600\" src=\"https:\/\/www.prodizayn.com.tr\/wp-content\/uploads\/2025\/04\/cocuklarimiz-icin-zemin-kaplamasi-nasil.jpg\" class=\"attachment-large size-large\" alt=\"\" decoding=\"async\" fetchpriority=\"high\" srcset=\"https:\/\/www.prodizayn.com.tr\/wp-content\/uploads\/2025\/04\/cocuklarimiz-icin-zemin-kaplamasi-nasil.jpg 800w, https:\/\/www.prodizayn.com.tr\/wp-content\/uploads\/2025\/04\/cocuklarimiz-icin-zemin-kaplamasi-nasil-430x323.jpg 430w, https:\/\/www.prodizayn.com.tr\/wp-content\/uploads\/2025\/04\/cocuklarimiz-icin-zemin-kaplamasi-nasil-150x113.jpg 150w, https:\/\/www.prodizayn.com.tr\/wp-content\/uploads\/2025\/04\/cocuklarimiz-icin-zemin-kaplamasi-nasil-700x525.jpg 700w, https:\/\/www.prodizayn.com.tr\/wp-content\/uploads\/2025\/04\/cocuklarimiz-icin-zemin-kaplamasi-nasil-400x300.jpg 400w, https:\/\/www.prodizayn.com.tr\/wp-content\/uploads\/2025\/04\/cocuklarimiz-icin-zemin-kaplamasi-nasil-768x576.jpg 768w\" sizes=\"(max-width: 800px) 100vw, 800px\" \/>\t\t\t\t\t<\/div>\n\t\t\t\t\t\t\t\t\t\t<a class=\"wd-fill\" tabindex=\"-1\" href=\"https:\/\/www.prodizayn.com.tr\/cocuklarimiz-icin-zemin-kaplamasi-nasil-olmalidir\/\" aria-label=\"Link on post \u00c7ocuklar\u0131m\u0131z \u0130\u00e7in Zemin Kaplamas\u0131 Nas\u0131l Olmal\u0131d\u0131r\"><\/a>\n\t\t\t\t\n\t\t\t\t\t\t\t<\/div>\n\t\t\n\t\t<div class=\"wd-post-content article-body-container\">\n\t\t\t\n\t\t\t\t\t\t\t<h3 class=\"wd-post-title wd-entities-title title post-title\">\n\t\t\t\t\t<a href=\"https:\/\/www.prodizayn.com.tr\/cocuklarimiz-icin-zemin-kaplamasi-nasil-olmalidir\/\" rel=\"bookmark\">\u00c7ocuklar\u0131m\u0131z \u0130\u00e7in Zemin Kaplamas\u0131 Nas\u0131l Olmal\u0131d\u0131r<\/a>\n\t\t\t\t<\/h3>\n\t\t\t\n\t\t\t\n\t\t\t\t\t\t\t\t\t\t\t\t<div class=\"wd-post-excerpt entry-content\">\n\t\t\t\t\t\t\u00c7ocuklar\u0131m\u0131z gelece\u011fimizin en \u00f6nemli de\u011ferleridirler onlar\u0131 s\u00fcrekli korumak ister ve bu do\u011frultuda \u00e7aba g\u00f6steririz, fakat baz...\t\t\t\t\t<\/div>\n\t\t\t\t\n\t\t\t\t\t\t\t\t\t<\/div>\n\t<\/div>\n<\/article>\n\n\t\t\t\t\t\t\t\t\t\t\t\n<article id=\"post-19102\" class=\"wd-post blog-design-chess blog-post-loop blog-design-small-images blog-style-bg wd-add-shadow wd-col post-19102 post type-post status-publish format-standard has-post-thumbnail hentry category-estetik category-laminat-parke tag-berry-alloc tag-berry-alloc-istanbul tag-berry-alloc-laminat-parke tag-berry-alloc-turkiye tag-high-pressure-laminate tag-laminat-parke tag-prodizayn tag-prodizayn-laminat-parke\">\n\t<div class=\"wd-post-inner article-inner\">\n\t\t\t\t\t<div class=\"wd-post-thumb entry-header\">\n\t\t\t\t\t\t\t\t\t<div class=\"wd-post-img post-img-wrapp\">\n\t\t\t\t\t\t<img width=\"800\" height=\"600\" src=\"https:\/\/www.prodizayn.com.tr\/wp-content\/uploads\/2025\/04\/berry-laminat-parke.jpg\" class=\"attachment-large size-large\" alt=\"\" decoding=\"async\" srcset=\"https:\/\/www.prodizayn.com.tr\/wp-content\/uploads\/2025\/04\/berry-laminat-parke.jpg 800w, https:\/\/www.prodizayn.com.tr\/wp-content\/uploads\/2025\/04\/berry-laminat-parke-430x323.jpg 430w, https:\/\/www.prodizayn.com.tr\/wp-content\/uploads\/2025\/04\/berry-laminat-parke-150x113.jpg 150w, https:\/\/www.prodizayn.com.tr\/wp-content\/uploads\/2025\/04\/berry-laminat-parke-700x525.jpg 700w, https:\/\/www.prodizayn.com.tr\/wp-content\/uploads\/2025\/04\/berry-laminat-parke-400x300.jpg 400w, https:\/\/www.prodizayn.com.tr\/wp-content\/uploads\/2025\/04\/berry-laminat-parke-768x576.jpg 768w\" sizes=\"(max-width: 800px) 100vw, 800px\" \/>\t\t\t\t\t<\/div>\n\t\t\t\t\t\t\t\t\t\t<a class=\"wd-fill\" tabindex=\"-1\" href=\"https:\/\/www.prodizayn.com.tr\/berry-alloc-laminat-parke\/\" aria-label=\"Link on post Berry Alloc Laminat Parke\"><\/a>\n\t\t\t\t\n\t\t\t\t\t\t\t<\/div>\n\t\t\n\t\t<div class=\"wd-post-content article-body-container\">\n\t\t\t\n\t\t\t\t\t\t\t<h3 class=\"wd-post-title wd-entities-title title post-title\">\n\t\t\t\t\t<a href=\"https:\/\/www.prodizayn.com.tr\/berry-alloc-laminat-parke\/\" rel=\"bookmark\">Berry Alloc Laminat Parke<\/a>\n\t\t\t\t<\/h3>\n\t\t\t\n\t\t\t\n\t\t\t\t\t\t\t\t\t\t\t\t<div class=\"wd-post-excerpt entry-content\">\n\t\t\t\t\t\tBerry Alloc Laminat ParkeBerry Alloc\u00a0yer d\u00f6\u015femeleri\u00a0en s\u0131k\u0131 Avrupa y\u00f6netmelikleri kapsam\u0131nda \u00fcretilir ve belirlenen t\u00fcm gerek...\t\t\t\t\t<\/div>\n\t\t\t\t\n\t\t\t\t\t\t\t\t\t<\/div>\n\t<\/div>\n<\/article>\n\n\t\t\t\t\t\t\t\t\t\t\t\n<article id=\"post-19096\" class=\"wd-post blog-design-chess blog-post-loop blog-design-small-images blog-style-bg wd-add-shadow wd-col post-19096 post type-post status-publish format-standard has-post-thumbnail hentry category-estetik category-lvt tag-berry-alloc tag-ofis-zemin-dosemeleri tag-prodizayn tag-pvc-zemin-kaplama tag-pvc-zemin-kaplama-istanbul tag-sirketler-icin-yer-dosemesi tag-vinil-kaplama tag-wineo tag-wineo-istanbul tag-yer-dosemesi tag-zemin-dosemeleri tag-zemin-kaplama\">\n\t<div class=\"wd-post-inner article-inner\">\n\t\t\t\t\t<div class=\"wd-post-thumb entry-header\">\n\t\t\t\t\t\t\t\t\t<div class=\"wd-post-img post-img-wrapp\">\n\t\t\t\t\t\t<img width=\"800\" height=\"600\" src=\"https:\/\/www.prodizayn.com.tr\/wp-content\/uploads\/2025\/04\/sirketler-icin-en-uygun-yer-dosemesi.jpg\" class=\"attachment-large size-large\" alt=\"\" decoding=\"async\" srcset=\"https:\/\/www.prodizayn.com.tr\/wp-content\/uploads\/2025\/04\/sirketler-icin-en-uygun-yer-dosemesi.jpg 800w, https:\/\/www.prodizayn.com.tr\/wp-content\/uploads\/2025\/04\/sirketler-icin-en-uygun-yer-dosemesi-430x323.jpg 430w, https:\/\/www.prodizayn.com.tr\/wp-content\/uploads\/2025\/04\/sirketler-icin-en-uygun-yer-dosemesi-150x113.jpg 150w, https:\/\/www.prodizayn.com.tr\/wp-content\/uploads\/2025\/04\/sirketler-icin-en-uygun-yer-dosemesi-700x525.jpg 700w, https:\/\/www.prodizayn.com.tr\/wp-content\/uploads\/2025\/04\/sirketler-icin-en-uygun-yer-dosemesi-400x300.jpg 400w, https:\/\/www.prodizayn.com.tr\/wp-content\/uploads\/2025\/04\/sirketler-icin-en-uygun-yer-dosemesi-768x576.jpg 768w\" sizes=\"(max-width: 800px) 100vw, 800px\" \/>\t\t\t\t\t<\/div>\n\t\t\t\t\t\t\t\t\t\t<a class=\"wd-fill\" tabindex=\"-1\" href=\"https:\/\/www.prodizayn.com.tr\/sirketler-icin-en-uygun-yer-dosemesi\/\" aria-label=\"Link on post \u015eirketler \u0130\u00e7in En Uygun Yer D\u00f6\u015femesi\"><\/a>\n\t\t\t\t\n\t\t\t\t\t\t\t<\/div>\n\t\t\n\t\t<div class=\"wd-post-content article-body-container\">\n\t\t\t\n\t\t\t\t\t\t\t<h3 class=\"wd-post-title wd-entities-title title post-title\">\n\t\t\t\t\t<a href=\"https:\/\/www.prodizayn.com.tr\/sirketler-icin-en-uygun-yer-dosemesi\/\" rel=\"bookmark\">\u015eirketler \u0130\u00e7in En Uygun Yer D\u00f6\u015femesi<\/a>\n\t\t\t\t<\/h3>\n\t\t\t\n\t\t\t\n\t\t\t\t\t\t\t\t\t\t\t\t<div class=\"wd-post-excerpt entry-content\">\n\t\t\t\t\t\t\u0130\u015f yerlerimiz, ofisimiz, \u015firketimiz bizler i\u00e7in her a\u00e7\u0131dan \u00f6nemli. Son y\u0131llarda \u00e7al\u0131\u015fma alanlar\u0131n\u0131n tasar\u0131m\u0131 da bu sebepten d...\t\t\t\t\t<\/div>\n\t\t\t\t\n\t\t\t\t\t\t\t\t\t<\/div>\n\t<\/div>\n<\/article>\n\n\t\t\t\t\t\t\t\t\t\t\t\n<article id=\"post-19077\" class=\"wd-post blog-design-chess blog-post-loop blog-design-small-images blog-style-bg wd-add-shadow wd-col post-19077 post type-post status-publish format-standard has-post-thumbnail hentry category-deck category-estetik tag-ahsap-deck tag-ahsap-deck-istanbul tag-ahsap-deck-kullanim-alanlari tag-ahsap-deck-nerelerde-kullanilir tag-ahsap-deck-ozellikleri tag-ahsap-deck-yapisi tag-berry-alloc tag-prodizayn\">\n\t<div class=\"wd-post-inner article-inner\">\n\t\t\t\t\t<div class=\"wd-post-thumb entry-header\">\n\t\t\t\t\t\t\t\t\t<div class=\"wd-post-img post-img-wrapp\">\n\t\t\t\t\t\t<img width=\"800\" height=\"600\" src=\"https:\/\/www.prodizayn.com.tr\/wp-content\/uploads\/2025\/04\/ahsap-deck-yapisi.jpg\" class=\"attachment-large size-large\" alt=\"\" decoding=\"async\" loading=\"lazy\" srcset=\"https:\/\/www.prodizayn.com.tr\/wp-content\/uploads\/2025\/04\/ahsap-deck-yapisi.jpg 800w, https:\/\/www.prodizayn.com.tr\/wp-content\/uploads\/2025\/04\/ahsap-deck-yapisi-430x323.jpg 430w, https:\/\/www.prodizayn.com.tr\/wp-content\/uploads\/2025\/04\/ahsap-deck-yapisi-150x113.jpg 150w, https:\/\/www.prodizayn.com.tr\/wp-content\/uploads\/2025\/04\/ahsap-deck-yapisi-700x525.jpg 700w, https:\/\/www.prodizayn.com.tr\/wp-content\/uploads\/2025\/04\/ahsap-deck-yapisi-400x300.jpg 400w, https:\/\/www.prodizayn.com.tr\/wp-content\/uploads\/2025\/04\/ahsap-deck-yapisi-768x576.jpg 768w\" sizes=\"auto, (max-width: 800px) 100vw, 800px\" \/>\t\t\t\t\t<\/div>\n\t\t\t\t\t\t\t\t\t\t<a class=\"wd-fill\" tabindex=\"-1\" href=\"https:\/\/www.prodizayn.com.tr\/ahsap-deck-yapisi-ve-kullanim-alanlariyla-ozellikleri\/\" aria-label=\"Link on post Ah\u015fap Deck Yap\u0131s\u0131 ve Kullan\u0131m Alanlar\u0131yla \u00d6zellikleri\"><\/a>\n\t\t\t\t\n\t\t\t\t\t\t\t<\/div>\n\t\t\n\t\t<div class=\"wd-post-content article-body-container\">\n\t\t\t\n\t\t\t\t\t\t\t<h3 class=\"wd-post-title wd-entities-title title post-title\">\n\t\t\t\t\t<a href=\"https:\/\/www.prodizayn.com.tr\/ahsap-deck-yapisi-ve-kullanim-alanlariyla-ozellikleri\/\" rel=\"bookmark\">Ah\u015fap Deck Yap\u0131s\u0131 ve Kullan\u0131m Alanlar\u0131yla \u00d6zellikleri<\/a>\n\t\t\t\t<\/h3>\n\t\t\t\n\t\t\t\n\t\t\t\t\t\t\t\t\t\t\t\t<div class=\"wd-post-excerpt entry-content\">\n\t\t\t\t\t\tAh\u015fap Deck\u2019in yap\u0131s\u0131 ve \u00f6zellikleriAh\u015fap Deck k\u0131saca; istenilen a\u011fa\u00e7lar\u0131n yan\u0131 s\u0131ra, egzotik a\u011fa\u00e7lardan, sar\u0131 \u00e7am, ladin, me\u015f...\t\t\t\t\t<\/div>\n\t\t\t\t\n\t\t\t\t\t\t\t\t\t<\/div>\n\t<\/div>\n<\/article>\n\n\t\t\t\t\t\t\t\t\t\t\t\n<article id=\"post-19072\" class=\"wd-post blog-design-chess blog-post-loop blog-design-small-images blog-style-bg wd-add-shadow wd-col post-19072 post type-post status-publish format-standard has-post-thumbnail hentry category-estetik category-laminat-parke tag-berry-alloc tag-laminat-parke tag-laminat-parke-ankara tag-laminat-parke-avantajlari tag-laminat-parke-avantajlari-nelerdir tag-laminat-parke-en-cok-nerelerde-kullanilir tag-laminat-parke-istanbul tag-laminat-parke-kullanim-alanlari tag-laminat-parke-neden-kullanilir tag-laminat-parke-turkiye tag-prodizayn tag-prodizayn-laminat-parke\">\n\t<div class=\"wd-post-inner article-inner\">\n\t\t\t\t\t<div class=\"wd-post-thumb entry-header\">\n\t\t\t\t\t\t\t\t\t<div class=\"wd-post-img post-img-wrapp\">\n\t\t\t\t\t\t<img width=\"707\" height=\"480\" src=\"https:\/\/www.prodizayn.com.tr\/wp-content\/uploads\/2025\/04\/laminat-parkeler-nerelerde-kullanilir.jpg\" class=\"attachment-large size-large\" alt=\"\" decoding=\"async\" loading=\"lazy\" srcset=\"https:\/\/www.prodizayn.com.tr\/wp-content\/uploads\/2025\/04\/laminat-parkeler-nerelerde-kullanilir.jpg 707w, https:\/\/www.prodizayn.com.tr\/wp-content\/uploads\/2025\/04\/laminat-parkeler-nerelerde-kullanilir-150x102.jpg 150w, https:\/\/www.prodizayn.com.tr\/wp-content\/uploads\/2025\/04\/laminat-parkeler-nerelerde-kullanilir-700x475.jpg 700w, https:\/\/www.prodizayn.com.tr\/wp-content\/uploads\/2025\/04\/laminat-parkeler-nerelerde-kullanilir-400x272.jpg 400w\" sizes=\"auto, (max-width: 707px) 100vw, 707px\" \/>\t\t\t\t\t<\/div>\n\t\t\t\t\t\t\t\t\t\t<a class=\"wd-fill\" tabindex=\"-1\" href=\"https:\/\/www.prodizayn.com.tr\/laminat-parkeler-en-cok-nerelerde-kullanilir\/\" aria-label=\"Link on post Laminat Parkeler En \u00c7ok Nerelerde Kullan\u0131l\u0131r\"><\/a>\n\t\t\t\t\n\t\t\t\t\t\t\t<\/div>\n\t\t\n\t\t<div class=\"wd-post-content article-body-container\">\n\t\t\t\n\t\t\t\t\t\t\t<h3 class=\"wd-post-title wd-entities-title title post-title\">\n\t\t\t\t\t<a href=\"https:\/\/www.prodizayn.com.tr\/laminat-parkeler-en-cok-nerelerde-kullanilir\/\" rel=\"bookmark\">Laminat Parkeler En \u00c7ok Nerelerde Kullan\u0131l\u0131r<\/a>\n\t\t\t\t<\/h3>\n\t\t\t\n\t\t\t\n\t\t\t\t\t\t\t\t\t\t\t\t<div class=\"wd-post-excerpt entry-content\">\n\t\t\t\t\t\tEn fazla laminat parkelerin kullan\u0131ld\u0131\u011f\u0131 alanlara de\u011finmeden \u00f6nce; Laminat parkelerin faydalar\u0131ndan k\u0131saca bahsetmemiz gereki...\t\t\t\t\t<\/div>\n\t\t\t\t\n\t\t\t\t\t\t\t\t\t<\/div>\n\t<\/div>\n<\/article>\n\n\t\t\t\t\t\t\t\t\t\t\t\n<article id=\"post-19067\" class=\"wd-post blog-design-chess blog-post-loop blog-design-small-images blog-style-bg wd-add-shadow wd-col post-19067 post type-post status-publish format-standard has-post-thumbnail hentry category-estetik category-laminat-parke tag-berry-alloc tag-laminat-parke tag-laminat-parke-avantajlari tag-laminat-parke-avantajlari-nelerdir tag-laminat-parke-istanbul tag-laminat-parke-neden-kullanilir tag-laminat-parke-neden-kullanilmali tag-prodizayn tag-prodizayn-laminat-parke\">\n\t<div class=\"wd-post-inner article-inner\">\n\t\t\t\t\t<div class=\"wd-post-thumb entry-header\">\n\t\t\t\t\t\t\t\t\t<div class=\"wd-post-img post-img-wrapp\">\n\t\t\t\t\t\t<img width=\"800\" height=\"600\" src=\"https:\/\/www.prodizayn.com.tr\/wp-content\/uploads\/2025\/04\/neden-laminat-parke.jpg\" class=\"attachment-large size-large\" alt=\"\" decoding=\"async\" loading=\"lazy\" srcset=\"https:\/\/www.prodizayn.com.tr\/wp-content\/uploads\/2025\/04\/neden-laminat-parke.jpg 800w, https:\/\/www.prodizayn.com.tr\/wp-content\/uploads\/2025\/04\/neden-laminat-parke-430x323.jpg 430w, https:\/\/www.prodizayn.com.tr\/wp-content\/uploads\/2025\/04\/neden-laminat-parke-150x113.jpg 150w, https:\/\/www.prodizayn.com.tr\/wp-content\/uploads\/2025\/04\/neden-laminat-parke-700x525.jpg 700w, https:\/\/www.prodizayn.com.tr\/wp-content\/uploads\/2025\/04\/neden-laminat-parke-400x300.jpg 400w, https:\/\/www.prodizayn.com.tr\/wp-content\/uploads\/2025\/04\/neden-laminat-parke-768x576.jpg 768w\" sizes=\"auto, (max-width: 800px) 100vw, 800px\" \/>\t\t\t\t\t<\/div>\n\t\t\t\t\t\t\t\t\t\t<a class=\"wd-fill\" tabindex=\"-1\" href=\"https:\/\/www.prodizayn.com.tr\/neden-laminat-parke-kullanilmali\/\" aria-label=\"Link on post Neden laminat parke kullan\u0131lmal\u0131 ?\"><\/a>\n\t\t\t\t\n\t\t\t\t\t\t\t<\/div>\n\t\t\n\t\t<div class=\"wd-post-content article-body-container\">\n\t\t\t\n\t\t\t\t\t\t\t<h3 class=\"wd-post-title wd-entities-title title post-title\">\n\t\t\t\t\t<a href=\"https:\/\/www.prodizayn.com.tr\/neden-laminat-parke-kullanilmali\/\" rel=\"bookmark\">Neden laminat parke kullan\u0131lmal\u0131 ?<\/a>\n\t\t\t\t<\/h3>\n\t\t\t\n\t\t\t\n\t\t\t\t\t\t\t\t\t\t\t\t<div class=\"wd-post-excerpt entry-content\">\n\t\t\t\t\t\tNeden laminat parke kullan\u0131lmal\u0131 ?\u00dcst\u00fcn say\u0131da se\u00e7enekleri ve modelleri bulunan laminat parkeler neden tercih edilmeli ? Bir ...\t\t\t\t\t<\/div>\n\t\t\t\t\n\t\t\t\t\t\t\t\t\t<\/div>\n\t<\/div>\n<\/article>\n\n\t\t\t\t\t\t\t\t\t\t\t\n<article id=\"post-19062\" class=\"wd-post blog-design-chess blog-post-loop blog-design-small-images blog-style-bg wd-add-shadow wd-col post-19062 post type-post status-publish format-standard has-post-thumbnail hentry category-estetik category-lamine-parke tag-berry-alloc tag-lamine-parke tag-lamine-parke-cizilir-mi tag-lamine-parke-dayanikli-mi tag-lamine-parke-ezilir-mi tag-lamine-parke-hasar-alir-mi tag-lamine-parke-istanbul tag-lamine-parke-nedir tag-lamine-parke-prodizayn tag-lamine-parke-turkiye tag-lamine-temizligi tag-parke-temizligi tag-prodizayn\">\n\t<div class=\"wd-post-inner article-inner\">\n\t\t\t\t\t<div class=\"wd-post-thumb entry-header\">\n\t\t\t\t\t\t\t\t\t<div class=\"wd-post-img post-img-wrapp\">\n\t\t\t\t\t\t<img width=\"800\" height=\"600\" src=\"https:\/\/www.prodizayn.com.tr\/wp-content\/uploads\/2025\/04\/laminat-parke-ezilmeleri-cizilmeleri.jpg\" class=\"attachment-large size-large\" alt=\"\" decoding=\"async\" loading=\"lazy\" srcset=\"https:\/\/www.prodizayn.com.tr\/wp-content\/uploads\/2025\/04\/laminat-parke-ezilmeleri-cizilmeleri.jpg 800w, https:\/\/www.prodizayn.com.tr\/wp-content\/uploads\/2025\/04\/laminat-parke-ezilmeleri-cizilmeleri-430x323.jpg 430w, https:\/\/www.prodizayn.com.tr\/wp-content\/uploads\/2025\/04\/laminat-parke-ezilmeleri-cizilmeleri-150x113.jpg 150w, https:\/\/www.prodizayn.com.tr\/wp-content\/uploads\/2025\/04\/laminat-parke-ezilmeleri-cizilmeleri-700x525.jpg 700w, https:\/\/www.prodizayn.com.tr\/wp-content\/uploads\/2025\/04\/laminat-parke-ezilmeleri-cizilmeleri-400x300.jpg 400w, https:\/\/www.prodizayn.com.tr\/wp-content\/uploads\/2025\/04\/laminat-parke-ezilmeleri-cizilmeleri-768x576.jpg 768w\" sizes=\"auto, (max-width: 800px) 100vw, 800px\" \/>\t\t\t\t\t<\/div>\n\t\t\t\t\t\t\t\t\t\t<a class=\"wd-fill\" tabindex=\"-1\" href=\"https:\/\/www.prodizayn.com.tr\/lamine-parke-ezilmelere-ve-cizilmelere-karsi-dayanakli-mi\/\" aria-label=\"Link on post Lamine parke ezilmelere ve \u00e7izilmelere kar\u015f\u0131 dayanakl\u0131 m\u0131 ?\"><\/a>\n\t\t\t\t\n\t\t\t\t\t\t\t<\/div>\n\t\t\n\t\t<div class=\"wd-post-content article-body-container\">\n\t\t\t\n\t\t\t\t\t\t\t<h3 class=\"wd-post-title wd-entities-title title post-title\">\n\t\t\t\t\t<a href=\"https:\/\/www.prodizayn.com.tr\/lamine-parke-ezilmelere-ve-cizilmelere-karsi-dayanakli-mi\/\" rel=\"bookmark\">Lamine parke ezilmelere ve \u00e7izilmelere kar\u015f\u0131 dayanakl\u0131 m\u0131 ?<\/a>\n\t\t\t\t<\/h3>\n\t\t\t\n\t\t\t\n\t\t\t\t\t\t\t\t\t\t\t\t<div class=\"wd-post-excerpt entry-content\">\n\t\t\t\t\t\tLamine parke \u00e7izilmelere ve ezilmelere kar\u015f\u0131 dayan\u0131kl\u0131 m\u0131d\u0131r?Sorusunun cevab\u0131n\u0131 vermeden \u00f6nce lamine ve laminat parkeler birb...\t\t\t\t\t<\/div>\n\t\t\t\t\n\t\t\t\t\t\t\t\t\t<\/div>\n\t<\/div>\n<\/article>\n\n\t\t\t\t\t\t\t\t\t\t\t\n<article id=\"post-19056\" class=\"wd-post blog-design-chess blog-post-loop blog-design-small-images blog-style-bg wd-add-shadow wd-col post-19056 post type-post status-publish format-standard has-post-thumbnail hentry category-estetik category-laminat-parke tag-berry-alloc tag-high-pressure-laminate tag-laminat-istanbul tag-laminat-parke tag-laminat-parke-dosenirken-nelere-dikkat-edilir tag-laminat-parke-nasil-dosenir tag-laminat-parke-nasil-dosenmelidir tag-laminat-turkiye tag-prodizayn\">\n\t<div class=\"wd-post-inner article-inner\">\n\t\t\t\t\t<div class=\"wd-post-thumb entry-header\">\n\t\t\t\t\t\t\t\t\t<div class=\"wd-post-img post-img-wrapp\">\n\t\t\t\t\t\t<img width=\"800\" height=\"600\" src=\"https:\/\/www.prodizayn.com.tr\/wp-content\/uploads\/2025\/04\/laminat-parke-nasil-dosenir.jpg\" class=\"attachment-large size-large\" alt=\"\" decoding=\"async\" loading=\"lazy\" srcset=\"https:\/\/www.prodizayn.com.tr\/wp-content\/uploads\/2025\/04\/laminat-parke-nasil-dosenir.jpg 800w, https:\/\/www.prodizayn.com.tr\/wp-content\/uploads\/2025\/04\/laminat-parke-nasil-dosenir-430x323.jpg 430w, https:\/\/www.prodizayn.com.tr\/wp-content\/uploads\/2025\/04\/laminat-parke-nasil-dosenir-150x113.jpg 150w, https:\/\/www.prodizayn.com.tr\/wp-content\/uploads\/2025\/04\/laminat-parke-nasil-dosenir-700x525.jpg 700w, https:\/\/www.prodizayn.com.tr\/wp-content\/uploads\/2025\/04\/laminat-parke-nasil-dosenir-400x300.jpg 400w, https:\/\/www.prodizayn.com.tr\/wp-content\/uploads\/2025\/04\/laminat-parke-nasil-dosenir-768x576.jpg 768w\" sizes=\"auto, (max-width: 800px) 100vw, 800px\" \/>\t\t\t\t\t<\/div>\n\t\t\t\t\t\t\t\t\t\t<a class=\"wd-fill\" tabindex=\"-1\" href=\"https:\/\/www.prodizayn.com.tr\/laminat-parke-nasil-dosenir\/\" aria-label=\"Link on post Laminat Parke Nas\u0131l D\u00f6\u015fenir\"><\/a>\n\t\t\t\t\n\t\t\t\t\t\t\t<\/div>\n\t\t\n\t\t<div class=\"wd-post-content article-body-container\">\n\t\t\t\n\t\t\t\t\t\t\t<h3 class=\"wd-post-title wd-entities-title title post-title\">\n\t\t\t\t\t<a href=\"https:\/\/www.prodizayn.com.tr\/laminat-parke-nasil-dosenir\/\" rel=\"bookmark\">Laminat Parke Nas\u0131l D\u00f6\u015fenir<\/a>\n\t\t\t\t<\/h3>\n\t\t\t\n\t\t\t\n\t\t\t\t\t\t\t\t\t\t\t\t<div class=\"wd-post-excerpt entry-content\">\n\t\t\t\t\t\tLaminat parke nas\u0131l d\u00f6\u015fenir ya da laminat parke nas\u0131l d\u00f6\u015fenmelidir ?Zemin kaplama ve zemin d\u00f6\u015feme i\u015flerini yapan hali haz\u0131rda...\t\t\t\t\t<\/div>\n\t\t\t\t\n\t\t\t\t\t\t\t\t\t<\/div>\n\t<\/div>\n<\/article>\n\n\t\t\t\t\t\t\t\t\t\t\t\n<article id=\"post-19050\" class=\"wd-post blog-design-chess blog-post-loop blog-design-small-images blog-style-bg wd-add-shadow wd-col post-19050 post type-post status-publish format-standard has-post-thumbnail hentry category-estetik category-laminat-parke category-lamine-parke tag-berry-alloc tag-high-pressure-laminate tag-laminant tag-laminat-istanbul tag-laminat-parke tag-laminat-parke-mi-daha-iyi-lamine-parke-mi tag-laminat-parke-mi-lamine-parke-mi tag-laminat-turkiye tag-lamine-istanbul tag-lamine-parke tag-lamine-turkiye tag-prodizayn\">\n\t<div class=\"wd-post-inner article-inner\">\n\t\t\t\t\t<div class=\"wd-post-thumb entry-header\">\n\t\t\t\t\t\t\t\t\t<div class=\"wd-post-img post-img-wrapp\">\n\t\t\t\t\t\t<img width=\"800\" height=\"600\" src=\"https:\/\/www.prodizayn.com.tr\/wp-content\/uploads\/2025\/04\/laminat-mi-lamine-mi.jpg\" class=\"attachment-large size-large\" alt=\"\" decoding=\"async\" loading=\"lazy\" srcset=\"https:\/\/www.prodizayn.com.tr\/wp-content\/uploads\/2025\/04\/laminat-mi-lamine-mi.jpg 800w, https:\/\/www.prodizayn.com.tr\/wp-content\/uploads\/2025\/04\/laminat-mi-lamine-mi-430x323.jpg 430w, https:\/\/www.prodizayn.com.tr\/wp-content\/uploads\/2025\/04\/laminat-mi-lamine-mi-150x113.jpg 150w, https:\/\/www.prodizayn.com.tr\/wp-content\/uploads\/2025\/04\/laminat-mi-lamine-mi-700x525.jpg 700w, https:\/\/www.prodizayn.com.tr\/wp-content\/uploads\/2025\/04\/laminat-mi-lamine-mi-400x300.jpg 400w, https:\/\/www.prodizayn.com.tr\/wp-content\/uploads\/2025\/04\/laminat-mi-lamine-mi-768x576.jpg 768w\" sizes=\"auto, (max-width: 800px) 100vw, 800px\" \/>\t\t\t\t\t<\/div>\n\t\t\t\t\t\t\t\t\t\t<a class=\"wd-fill\" tabindex=\"-1\" href=\"https:\/\/www.prodizayn.com.tr\/laminat-parke-mi-lamine-parke-mi\/\" aria-label=\"Link on post Laminat parke mi? Lamine parke mi?\"><\/a>\n\t\t\t\t\n\t\t\t\t\t\t\t<\/div>\n\t\t\n\t\t<div class=\"wd-post-content article-body-container\">\n\t\t\t\n\t\t\t\t\t\t\t<h3 class=\"wd-post-title wd-entities-title title post-title\">\n\t\t\t\t\t<a href=\"https:\/\/www.prodizayn.com.tr\/laminat-parke-mi-lamine-parke-mi\/\" rel=\"bookmark\">Laminat parke mi? Lamine parke mi?<\/a>\n\t\t\t\t<\/h3>\n\t\t\t\n\t\t\t\n\t\t\t\t\t\t\t\t\t\t\t\t<div class=\"wd-post-excerpt entry-content\">\n\t\t\t\t\t\tLaminat parke mi? Lamine parke mi?Hepimizin merak etti\u011fi az \u00e7ok bilgi sahibi oldu\u011fu ama yine de bir t\u00fcrl\u00fc karar veremedi\u011fi ko...\t\t\t\t\t<\/div>\n\t\t\t\t\n\t\t\t\t\t\t\t\t\t<\/div>\n\t<\/div>\n<\/article>\n\n\t\t\t\t\t\t\t\t\t\t\t\n<article id=\"post-19041\" class=\"wd-post blog-design-chess blog-post-loop blog-design-small-images blog-style-bg wd-add-shadow wd-col post-19041 post type-post status-publish format-standard has-post-thumbnail hentry category-estetik category-laminat-parke category-lamine-parke tag-berry-alloc tag-high-pressure-laminate tag-laminant tag-laminat-istanbul tag-laminat-parke tag-laminat-parke-koleksiyonlari tag-laminat-turkiye tag-lamine-istanbul tag-lamine-mi-laminat-mi tag-lamine-parke tag-lamine-parke-koleksiyonlari tag-lamine-turkiye tag-parke-temizligi tag-prodizayn tag-prodizayn-laminat-parke tag-prodizayn-laminat-parke-ve-lamine-parke-koleksiyonlari tag-prodizayn-lamine-parke tag-zemin-dosemeleri tag-zemin-kaplama\">\n\t<div class=\"wd-post-inner article-inner\">\n\t\t\t\t\t<div class=\"wd-post-thumb entry-header\">\n\t\t\t\t\t\t\t\t\t<div class=\"wd-post-img post-img-wrapp\">\n\t\t\t\t\t\t<img width=\"800\" height=\"600\" src=\"https:\/\/www.prodizayn.com.tr\/wp-content\/uploads\/2025\/04\/prodizayn-lamine-parke.jpg\" class=\"attachment-large size-large\" alt=\"\" decoding=\"async\" loading=\"lazy\" srcset=\"https:\/\/www.prodizayn.com.tr\/wp-content\/uploads\/2025\/04\/prodizayn-lamine-parke.jpg 800w, https:\/\/www.prodizayn.com.tr\/wp-content\/uploads\/2025\/04\/prodizayn-lamine-parke-430x323.jpg 430w, https:\/\/www.prodizayn.com.tr\/wp-content\/uploads\/2025\/04\/prodizayn-lamine-parke-150x113.jpg 150w, https:\/\/www.prodizayn.com.tr\/wp-content\/uploads\/2025\/04\/prodizayn-lamine-parke-700x525.jpg 700w, https:\/\/www.prodizayn.com.tr\/wp-content\/uploads\/2025\/04\/prodizayn-lamine-parke-400x300.jpg 400w, https:\/\/www.prodizayn.com.tr\/wp-content\/uploads\/2025\/04\/prodizayn-lamine-parke-768x576.jpg 768w\" sizes=\"auto, (max-width: 800px) 100vw, 800px\" \/>\t\t\t\t\t<\/div>\n\t\t\t\t\t\t\t\t\t\t<a class=\"wd-fill\" tabindex=\"-1\" href=\"https:\/\/www.prodizayn.com.tr\/prodizayn-laminat-parke-ve-lamine-parke-koleksiyonlari-2\/\" aria-label=\"Link on post Prodizayn Laminat Parke ve Lamine Parke Koleksiyonlar\u0131\/2\"><\/a>\n\t\t\t\t\n\t\t\t\t\t\t\t<\/div>\n\t\t\n\t\t<div class=\"wd-post-content article-body-container\">\n\t\t\t\n\t\t\t\t\t\t\t<h3 class=\"wd-post-title wd-entities-title title post-title\">\n\t\t\t\t\t<a href=\"https:\/\/www.prodizayn.com.tr\/prodizayn-laminat-parke-ve-lamine-parke-koleksiyonlari-2\/\" rel=\"bookmark\">Prodizayn Laminat Parke ve Lamine Parke Koleksiyonlar\u0131\/2<\/a>\n\t\t\t\t<\/h3>\n\t\t\t\n\t\t\t\n\t\t\t\t\t\t\t\t\t\t\t\t<div class=\"wd-post-excerpt entry-content\">\n\t\t\t\t\t\tProdizayn Lamine ParkeFB+ ve Berry Alloc ile olu\u015fturulmu\u015f e\u015fsiz bir koleksiyondur. \u0130ki farkl\u0131 segmentin toplamda 17 farkl\u0131 \u00fcr...\t\t\t\t\t<\/div>\n\t\t\t\t\n\t\t\t\t\t\t\t\t\t<\/div>\n\t<\/div>\n<\/article>\n\n\t\t\t\t\t\n\t\t\t\t\t","status":"have-posts","nextPage":"https:\/\/www.prodizayn.com.tr\/blog\/page\/10\/?woo_ajax=1","currentPage":"https:\/\/www.prodizayn.com.tr\/blog\/page\/9"}