
			
				

					
				

			
		{"items":"\n\t\t\t\t\t\t\t\t\t\t\t\n<article id=\"post-19381\" class=\"wd-post blog-design-chess blog-post-loop blog-design-small-images blog-style-bg wd-add-shadow wd-col post-19381 post type-post status-publish format-standard has-post-thumbnail hentry category-ahsap-dekorasyon category-estetik category-laminat-parke category-lamine-parke category-lvt tag-berry-alloc tag-berry-alloc-prodizayn tag-berry-alloc-turkiye tag-berry-allock-istanbul tag-misafir-odasi-zemin-dosemeleri tag-prodizayn tag-prodizyan-zemin-kaplama tag-purline-istanbul tag-purline-organik-zemin-cozumleri tag-purline-parke tag-purline-turkiye tag-purline-zemin-cozumleri tag-zemin-doseme tag-zemin-kaplama tag-zemin-kaplama-istanbul tag-zemin-kaplama-turkiye tag-zemin-sistemleri\">\n\t<div class=\"wd-post-inner article-inner\">\n\t\t\t\t\t<div class=\"wd-post-thumb entry-header\">\n\t\t\t\t\t\t\t\t\t<div class=\"wd-post-img post-img-wrapp\">\n\t\t\t\t\t\t<img width=\"800\" height=\"600\" src=\"https:\/\/www.prodizayn.com.tr\/wp-content\/uploads\/2025\/04\/misafir-odasi-zemin-kaplama.jpg\" class=\"attachment-large size-large\" alt=\"\" decoding=\"async\" fetchpriority=\"high\" srcset=\"https:\/\/www.prodizayn.com.tr\/wp-content\/uploads\/2025\/04\/misafir-odasi-zemin-kaplama.jpg 800w, https:\/\/www.prodizayn.com.tr\/wp-content\/uploads\/2025\/04\/misafir-odasi-zemin-kaplama-430x323.jpg 430w, https:\/\/www.prodizayn.com.tr\/wp-content\/uploads\/2025\/04\/misafir-odasi-zemin-kaplama-150x113.jpg 150w, https:\/\/www.prodizayn.com.tr\/wp-content\/uploads\/2025\/04\/misafir-odasi-zemin-kaplama-700x525.jpg 700w, https:\/\/www.prodizayn.com.tr\/wp-content\/uploads\/2025\/04\/misafir-odasi-zemin-kaplama-400x300.jpg 400w, https:\/\/www.prodizayn.com.tr\/wp-content\/uploads\/2025\/04\/misafir-odasi-zemin-kaplama-768x576.jpg 768w\" sizes=\"(max-width: 800px) 100vw, 800px\" \/>\t\t\t\t\t<\/div>\n\t\t\t\t\t\t\t\t\t\t<a class=\"wd-fill\" tabindex=\"-1\" href=\"https:\/\/www.prodizayn.com.tr\/misafir-odasi-icin-zemin-onerileri\/\" aria-label=\"Link on post M\u0130safir Odas\u0131 \u0130\u00e7in Zemin \u00d6nerileri\"><\/a>\n\t\t\t\t\n\t\t\t\t\t\t\t<\/div>\n\t\t\n\t\t<div class=\"wd-post-content article-body-container\">\n\t\t\t\n\t\t\t\t\t\t\t<h3 class=\"wd-post-title wd-entities-title title post-title\">\n\t\t\t\t\t<a href=\"https:\/\/www.prodizayn.com.tr\/misafir-odasi-icin-zemin-onerileri\/\" rel=\"bookmark\">M\u0130safir Odas\u0131 \u0130\u00e7in Zemin \u00d6nerileri<\/a>\n\t\t\t\t<\/h3>\n\t\t\t\n\t\t\t\n\t\t\t\t\t\t\t\t\t\t\t\t<div class=\"wd-post-excerpt entry-content\">\n\t\t\t\t\t\tMisafirlerimizi her zaman evimizin en iyi k\u00f6\u015fesinde a\u011f\u0131rlamak ve onlar\u0131 rahat ettirmek i\u00e7in u\u011fra\u015f\u0131r\u0131z. T\u00fcm enerjimizi evimizd...\t\t\t\t\t<\/div>\n\t\t\t\t\n\t\t\t\t\t\t\t\t\t<\/div>\n\t<\/div>\n<\/article>\n\n\t\t\t\t\t\t\t\t\t\t\t\n<article id=\"post-19376\" class=\"wd-post blog-design-chess blog-post-loop blog-design-small-images blog-style-bg wd-add-shadow wd-col post-19376 post type-post status-publish format-standard has-post-thumbnail hentry category-ahsap-dekorasyon category-deck category-estetik tag-ahsap-deck tag-ahsap-deck-prodizayn tag-ahsap-yer-dosemeleri tag-berry-alloc tag-istanbul-ahsap-deck tag-prodizayn tag-prodizyan-zemin-kaplama tag-turkiye-ahsap-deck tag-zemin-doseme tag-zemin-kaplama tag-zemin-sistemleri\">\n\t<div class=\"wd-post-inner article-inner\">\n\t\t\t\t\t<div class=\"wd-post-thumb entry-header\">\n\t\t\t\t\t\t\t\t\t<div class=\"wd-post-img post-img-wrapp\">\n\t\t\t\t\t\t<img width=\"800\" height=\"600\" src=\"https:\/\/www.prodizayn.com.tr\/wp-content\/uploads\/2025\/04\/ahsap-yer-dosemesi-avantajlari.jpg\" class=\"attachment-large size-large\" alt=\"\" decoding=\"async\" srcset=\"https:\/\/www.prodizayn.com.tr\/wp-content\/uploads\/2025\/04\/ahsap-yer-dosemesi-avantajlari.jpg 800w, https:\/\/www.prodizayn.com.tr\/wp-content\/uploads\/2025\/04\/ahsap-yer-dosemesi-avantajlari-430x323.jpg 430w, https:\/\/www.prodizayn.com.tr\/wp-content\/uploads\/2025\/04\/ahsap-yer-dosemesi-avantajlari-150x113.jpg 150w, https:\/\/www.prodizayn.com.tr\/wp-content\/uploads\/2025\/04\/ahsap-yer-dosemesi-avantajlari-700x525.jpg 700w, https:\/\/www.prodizayn.com.tr\/wp-content\/uploads\/2025\/04\/ahsap-yer-dosemesi-avantajlari-400x300.jpg 400w, https:\/\/www.prodizayn.com.tr\/wp-content\/uploads\/2025\/04\/ahsap-yer-dosemesi-avantajlari-768x576.jpg 768w\" sizes=\"(max-width: 800px) 100vw, 800px\" \/>\t\t\t\t\t<\/div>\n\t\t\t\t\t\t\t\t\t\t<a class=\"wd-fill\" tabindex=\"-1\" href=\"https:\/\/www.prodizayn.com.tr\/ahsap-deck-yer-dosemesinin-12-avantaji\/\" aria-label=\"Link on post Ah\u015fap Deck Yer D\u00f6\u015femesinin 12 Avantaj\u0131\"><\/a>\n\t\t\t\t\n\t\t\t\t\t\t\t<\/div>\n\t\t\n\t\t<div class=\"wd-post-content article-body-container\">\n\t\t\t\n\t\t\t\t\t\t\t<h3 class=\"wd-post-title wd-entities-title title post-title\">\n\t\t\t\t\t<a href=\"https:\/\/www.prodizayn.com.tr\/ahsap-deck-yer-dosemesinin-12-avantaji\/\" rel=\"bookmark\">Ah\u015fap Deck Yer D\u00f6\u015femesinin 12 Avantaj\u0131<\/a>\n\t\t\t\t<\/h3>\n\t\t\t\n\t\t\t\n\t\t\t\t\t\t\t\t\t\t\t\t<div class=\"wd-post-excerpt entry-content\">\n\t\t\t\t\t\tAh\u015fap Deck yer d\u00f6\u015femeleri; \u0130roko, Teak, Thermowood \u00c7am veya Thermowood Di\u015f Budak a\u011fa\u00e7lar\u0131ndan \u00fcretilir. Bu a\u011fa\u00e7 t\u00fcrleri suya ...\t\t\t\t\t<\/div>\n\t\t\t\t\n\t\t\t\t\t\t\t\t\t<\/div>\n\t<\/div>\n<\/article>\n\n\t\t\t\t\t\t\t\t\t\t\t\n<article id=\"post-19368\" class=\"wd-post blog-design-chess blog-post-loop blog-design-small-images blog-style-bg wd-add-shadow wd-col post-19368 post type-post status-publish format-standard has-post-thumbnail hentry category-estetik category-lvt tag-berry-alloc tag-prodizayn tag-prodizyan-zemin-kaplama tag-purline-organik-zemin-cozumleri tag-purline-parke tag-purline-zemin-cozumleri tag-pvc-kaplama-istanbul tag-pvc-kaplama-turkiye tag-pvc-yer-dosemesi tag-pvc-zemin-kaplama tag-pvc-zemin-kaplama-istanbul tag-pvc-zemin-kaplamanin-avantajlari tag-pvc-zemin-kaplamanin-ozellikleri tag-vinil-parke tag-zemin-doseme tag-zemin-kaplama tag-zemin-sistemleri\">\n\t<div class=\"wd-post-inner article-inner\">\n\t\t\t\t\t<div class=\"wd-post-thumb entry-header\">\n\t\t\t\t\t\t\t\t\t<div class=\"wd-post-img post-img-wrapp\">\n\t\t\t\t\t\t<img width=\"800\" height=\"600\" src=\"https:\/\/www.prodizayn.com.tr\/wp-content\/uploads\/2025\/04\/pvc-purline-arasindaki-fark.jpg\" class=\"attachment-large size-large\" alt=\"\" decoding=\"async\" srcset=\"https:\/\/www.prodizayn.com.tr\/wp-content\/uploads\/2025\/04\/pvc-purline-arasindaki-fark.jpg 800w, https:\/\/www.prodizayn.com.tr\/wp-content\/uploads\/2025\/04\/pvc-purline-arasindaki-fark-430x323.jpg 430w, https:\/\/www.prodizayn.com.tr\/wp-content\/uploads\/2025\/04\/pvc-purline-arasindaki-fark-150x113.jpg 150w, https:\/\/www.prodizayn.com.tr\/wp-content\/uploads\/2025\/04\/pvc-purline-arasindaki-fark-700x525.jpg 700w, https:\/\/www.prodizayn.com.tr\/wp-content\/uploads\/2025\/04\/pvc-purline-arasindaki-fark-400x300.jpg 400w, https:\/\/www.prodizayn.com.tr\/wp-content\/uploads\/2025\/04\/pvc-purline-arasindaki-fark-768x576.jpg 768w\" sizes=\"(max-width: 800px) 100vw, 800px\" \/>\t\t\t\t\t<\/div>\n\t\t\t\t\t\t\t\t\t\t<a class=\"wd-fill\" tabindex=\"-1\" href=\"https:\/\/www.prodizayn.com.tr\/pvc-ve-purline-arasindaki-fark\/\" aria-label=\"Link on post Pvc ve Purline Aras\u0131ndaki Fark\"><\/a>\n\t\t\t\t\n\t\t\t\t\t\t\t<\/div>\n\t\t\n\t\t<div class=\"wd-post-content article-body-container\">\n\t\t\t\n\t\t\t\t\t\t\t<h3 class=\"wd-post-title wd-entities-title title post-title\">\n\t\t\t\t\t<a href=\"https:\/\/www.prodizayn.com.tr\/pvc-ve-purline-arasindaki-fark\/\" rel=\"bookmark\">Pvc ve Purline Aras\u0131ndaki Fark<\/a>\n\t\t\t\t<\/h3>\n\t\t\t\n\t\t\t\n\t\t\t\t\t\t\t\t\t\t\t\t<div class=\"wd-post-excerpt entry-content\">\n\t\t\t\t\t\tSon zamanlarda bizlere en \u00e7ok sorulan sorulardan biri&nbsp;Pvc zemin kaplama&nbsp;ve&nbsp;Purline organik zemin \u00e7\u00f6z\u00fcmlerinin&...\t\t\t\t\t<\/div>\n\t\t\t\t\n\t\t\t\t\t\t\t\t\t<\/div>\n\t<\/div>\n<\/article>\n\n\t\t\t\t\t\t\t\t\t\t\t\n<article id=\"post-19363\" class=\"wd-post blog-design-chess blog-post-loop blog-design-small-images blog-style-bg wd-add-shadow wd-col post-19363 post type-post status-publish format-standard has-post-thumbnail hentry category-estetik category-lvt tag-ambra tag-berry-alloc tag-prodizayn tag-prodizyan-zemin-kaplama tag-pvc-kaplama-istanbul tag-pvc-kaplama-turkiye tag-pvc-yer-dosemesi tag-pvc-zemin-kaplama tag-pvc-zemin-kaplama-istanbul tag-pvc-zemin-kaplamanin-avantajlari tag-pvc-zemin-kaplamanin-ozellikleri tag-yatak-odasi-pvc-zemin-kaplama tag-yatak-odasi-zemin-dosemesi tag-yatak-odasina-pvc-zemin-kaplama-dosenir-mi tag-zemin-doseme tag-zemin-kaplama tag-zemin-sistemleri\">\n\t<div class=\"wd-post-inner article-inner\">\n\t\t\t\t\t<div class=\"wd-post-thumb entry-header\">\n\t\t\t\t\t\t\t\t\t<div class=\"wd-post-img post-img-wrapp\">\n\t\t\t\t\t\t<img width=\"800\" height=\"600\" src=\"https:\/\/www.prodizayn.com.tr\/wp-content\/uploads\/2025\/04\/yatak-odasi-zemin-onerileri.jpg\" class=\"attachment-large size-large\" alt=\"\" decoding=\"async\" loading=\"lazy\" srcset=\"https:\/\/www.prodizayn.com.tr\/wp-content\/uploads\/2025\/04\/yatak-odasi-zemin-onerileri.jpg 800w, https:\/\/www.prodizayn.com.tr\/wp-content\/uploads\/2025\/04\/yatak-odasi-zemin-onerileri-430x323.jpg 430w, https:\/\/www.prodizayn.com.tr\/wp-content\/uploads\/2025\/04\/yatak-odasi-zemin-onerileri-150x113.jpg 150w, https:\/\/www.prodizayn.com.tr\/wp-content\/uploads\/2025\/04\/yatak-odasi-zemin-onerileri-700x525.jpg 700w, https:\/\/www.prodizayn.com.tr\/wp-content\/uploads\/2025\/04\/yatak-odasi-zemin-onerileri-400x300.jpg 400w, https:\/\/www.prodizayn.com.tr\/wp-content\/uploads\/2025\/04\/yatak-odasi-zemin-onerileri-768x576.jpg 768w\" sizes=\"auto, (max-width: 800px) 100vw, 800px\" \/>\t\t\t\t\t<\/div>\n\t\t\t\t\t\t\t\t\t\t<a class=\"wd-fill\" tabindex=\"-1\" href=\"https:\/\/www.prodizayn.com.tr\/yatak-odaniz-icin-zemin-onerileri\/\" aria-label=\"Link on post Yatak Odan\u0131z \u0130\u00e7in Zemin \u00d6nerileri\"><\/a>\n\t\t\t\t\n\t\t\t\t\t\t\t<\/div>\n\t\t\n\t\t<div class=\"wd-post-content article-body-container\">\n\t\t\t\n\t\t\t\t\t\t\t<h3 class=\"wd-post-title wd-entities-title title post-title\">\n\t\t\t\t\t<a href=\"https:\/\/www.prodizayn.com.tr\/yatak-odaniz-icin-zemin-onerileri\/\" rel=\"bookmark\">Yatak Odan\u0131z \u0130\u00e7in Zemin \u00d6nerileri<\/a>\n\t\t\t\t<\/h3>\n\t\t\t\n\t\t\t\n\t\t\t\t\t\t\t\t\t\t\t\t<div class=\"wd-post-excerpt entry-content\">\n\t\t\t\t\t\tYatak Odan\u0131z \u0130\u00e7in Zemin \u00d6nerileriYatak odas\u0131 deyince akl\u0131m\u0131za uyku, rahatl\u0131k ve konfor gelir. Bunlar\u0131n tamam\u0131 bir arada olmaz...\t\t\t\t\t<\/div>\n\t\t\t\t\n\t\t\t\t\t\t\t\t\t<\/div>\n\t<\/div>\n<\/article>\n\n\t\t\t\t\t\t\t\t\t\t\t\n<article id=\"post-19357\" class=\"wd-post blog-design-chess blog-post-loop blog-design-small-images blog-style-bg wd-add-shadow wd-col post-19357 post type-post status-publish format-standard has-post-thumbnail hentry category-estetik category-lvt tag-berry-alloc tag-prodizayn tag-prodizyan-zemin-kaplama tag-pvc-kaplama-istanbul tag-pvc-kaplama-turkiye tag-pvc-yer-dosemesi tag-pvc-zemin-kaplama tag-pvc-zemin-kaplama-istanbul tag-pvc-zemin-kaplama-magazalar-icin-uygun-mu tag-pvc-zemin-kaplamanin-avantajlari tag-pvc-zemin-kaplamanin-ozellikleri tag-vinil-kaplama tag-wineo tag-wineo-istanbul tag-wineo-turkiye tag-zemin-doseme tag-zemin-kaplama tag-zemin-sistemleri\">\n\t<div class=\"wd-post-inner article-inner\">\n\t\t\t\t\t<div class=\"wd-post-thumb entry-header\">\n\t\t\t\t\t\t\t\t\t<div class=\"wd-post-img post-img-wrapp\">\n\t\t\t\t\t\t<img width=\"800\" height=\"600\" src=\"https:\/\/www.prodizayn.com.tr\/wp-content\/uploads\/2025\/04\/magazalar-icin-zemin-kaplama.jpg\" class=\"attachment-large size-large\" alt=\"\" decoding=\"async\" loading=\"lazy\" srcset=\"https:\/\/www.prodizayn.com.tr\/wp-content\/uploads\/2025\/04\/magazalar-icin-zemin-kaplama.jpg 800w, https:\/\/www.prodizayn.com.tr\/wp-content\/uploads\/2025\/04\/magazalar-icin-zemin-kaplama-430x323.jpg 430w, https:\/\/www.prodizayn.com.tr\/wp-content\/uploads\/2025\/04\/magazalar-icin-zemin-kaplama-150x113.jpg 150w, https:\/\/www.prodizayn.com.tr\/wp-content\/uploads\/2025\/04\/magazalar-icin-zemin-kaplama-700x525.jpg 700w, https:\/\/www.prodizayn.com.tr\/wp-content\/uploads\/2025\/04\/magazalar-icin-zemin-kaplama-400x300.jpg 400w, https:\/\/www.prodizayn.com.tr\/wp-content\/uploads\/2025\/04\/magazalar-icin-zemin-kaplama-768x576.jpg 768w\" sizes=\"auto, (max-width: 800px) 100vw, 800px\" \/>\t\t\t\t\t<\/div>\n\t\t\t\t\t\t\t\t\t\t<a class=\"wd-fill\" tabindex=\"-1\" href=\"https:\/\/www.prodizayn.com.tr\/magazalar-icin-zemin-kaplama\/\" aria-label=\"Link on post Ma\u011fazalar \u0130\u00e7in Zemin Kaplama\"><\/a>\n\t\t\t\t\n\t\t\t\t\t\t\t<\/div>\n\t\t\n\t\t<div class=\"wd-post-content article-body-container\">\n\t\t\t\n\t\t\t\t\t\t\t<h3 class=\"wd-post-title wd-entities-title title post-title\">\n\t\t\t\t\t<a href=\"https:\/\/www.prodizayn.com.tr\/magazalar-icin-zemin-kaplama\/\" rel=\"bookmark\">Ma\u011fazalar \u0130\u00e7in Zemin Kaplama<\/a>\n\t\t\t\t<\/h3>\n\t\t\t\n\t\t\t\n\t\t\t\t\t\t\t\t\t\t\t\t<div class=\"wd-post-excerpt entry-content\">\n\t\t\t\t\t\tG\u00fcn\u00fcm\u00fczde ma\u011fazalar ve ma\u011fazalar\u0131n dekorlar\u0131 b\u00fcy\u00fck \u00f6nem arz ediyor. \u00c7\u00fcnk\u00fc t\u00fcm ma\u011faza sahipleri m\u00fc\u015fterilerini memnun etmek i\u00e7i...\t\t\t\t\t<\/div>\n\t\t\t\t\n\t\t\t\t\t\t\t\t\t<\/div>\n\t<\/div>\n<\/article>\n\n\t\t\t\t\t\t\t\t\t\t\t\n<article id=\"post-19348\" class=\"wd-post blog-design-chess blog-post-loop blog-design-small-images blog-style-bg wd-add-shadow wd-col post-19348 post type-post status-publish format-standard has-post-thumbnail hentry category-estetik category-laminat-parke tag-berry-alloc tag-berry-alloc-laminat-parke tag-laminat-parke tag-laminat-parke-ozellikleri tag-ofis-icin-en-uygun-yer-dosemesi tag-ofiste-kullanilacak-yer-dosemeleri tag-ofiste-laminat-parkenin-yararlari tag-prodizayn tag-prodizayn-laminat-parke tag-prodizyan-zemin-kaplama tag-wineo tag-wineo-istanbul tag-wineo-laminat-parke tag-wineo-turkiye\">\n\t<div class=\"wd-post-inner article-inner\">\n\t\t\t\t\t<div class=\"wd-post-thumb entry-header\">\n\t\t\t\t\t\t\t\t\t<div class=\"wd-post-img post-img-wrapp\">\n\t\t\t\t\t\t<img width=\"800\" height=\"600\" src=\"https:\/\/www.prodizayn.com.tr\/wp-content\/uploads\/2025\/04\/ofis-zemin-kaplamalari-hakkinda.jpg\" class=\"attachment-large size-large\" alt=\"\" decoding=\"async\" loading=\"lazy\" srcset=\"https:\/\/www.prodizayn.com.tr\/wp-content\/uploads\/2025\/04\/ofis-zemin-kaplamalari-hakkinda.jpg 800w, https:\/\/www.prodizayn.com.tr\/wp-content\/uploads\/2025\/04\/ofis-zemin-kaplamalari-hakkinda-430x323.jpg 430w, https:\/\/www.prodizayn.com.tr\/wp-content\/uploads\/2025\/04\/ofis-zemin-kaplamalari-hakkinda-150x113.jpg 150w, https:\/\/www.prodizayn.com.tr\/wp-content\/uploads\/2025\/04\/ofis-zemin-kaplamalari-hakkinda-700x525.jpg 700w, https:\/\/www.prodizayn.com.tr\/wp-content\/uploads\/2025\/04\/ofis-zemin-kaplamalari-hakkinda-400x300.jpg 400w, https:\/\/www.prodizayn.com.tr\/wp-content\/uploads\/2025\/04\/ofis-zemin-kaplamalari-hakkinda-768x576.jpg 768w\" sizes=\"auto, (max-width: 800px) 100vw, 800px\" \/>\t\t\t\t\t<\/div>\n\t\t\t\t\t\t\t\t\t\t<a class=\"wd-fill\" tabindex=\"-1\" href=\"https:\/\/www.prodizayn.com.tr\/ofis-zemin-kaplamalari-hakkinda\/\" aria-label=\"Link on post Ofis Zemin Kaplamalar\u0131 Hakk\u0131nda\"><\/a>\n\t\t\t\t\n\t\t\t\t\t\t\t<\/div>\n\t\t\n\t\t<div class=\"wd-post-content article-body-container\">\n\t\t\t\n\t\t\t\t\t\t\t<h3 class=\"wd-post-title wd-entities-title title post-title\">\n\t\t\t\t\t<a href=\"https:\/\/www.prodizayn.com.tr\/ofis-zemin-kaplamalari-hakkinda\/\" rel=\"bookmark\">Ofis Zemin Kaplamalar\u0131 Hakk\u0131nda<\/a>\n\t\t\t\t<\/h3>\n\t\t\t\n\t\t\t\n\t\t\t\t\t\t\t\t\t\t\t\t<div class=\"wd-post-excerpt entry-content\">\n\t\t\t\t\t\tOfis yer d\u00f6\u015femeleri,\u00a0insanlar\u0131n \u00fczerinde en fazla zaman ge\u00e7irdi\u011fi yerlerden birisidir. Kimi zaman evde durdu\u011fumuzdan daha \u00e7ok...\t\t\t\t\t<\/div>\n\t\t\t\t\n\t\t\t\t\t\t\t\t\t<\/div>\n\t<\/div>\n<\/article>\n\n\t\t\t\t\t\t\t\t\t\t\t\n<article id=\"post-19343\" class=\"wd-post blog-design-chess blog-post-loop blog-design-small-images blog-style-bg wd-add-shadow wd-col post-19343 post type-post status-publish format-standard has-post-thumbnail hentry category-ahsap-dekorasyon category-deck category-estetik tag-ahsap-deck tag-ahsap-deck-istanbul tag-ahsap-deck-kompozit-arasindaki-farklar tag-ahsap-deck-nerelerde-kullanilir tag-ahsap-deck-ozellikleri-2 tag-ahsap-ve-kompozit-deck-benzer-ozellikler tag-berry-alloc tag-berry-alloc-istanbul tag-berry-alloc-prodizayn tag-berry-alloc-turkiye tag-berry-alloc-zemin-kaplama tag-kompozit-deck tag-kompozit-deck-istanbul tag-kompozit-deck-nerelerde-kullanilir tag-kompozit-deck-ozellikleri tag-prodizayn tag-prodizyan-zemin-kaplama\">\n\t<div class=\"wd-post-inner article-inner\">\n\t\t\t\t\t<div class=\"wd-post-thumb entry-header\">\n\t\t\t\t\t\t\t\t\t<div class=\"wd-post-img post-img-wrapp\">\n\t\t\t\t\t\t<img width=\"800\" height=\"600\" src=\"https:\/\/www.prodizayn.com.tr\/wp-content\/uploads\/2025\/04\/ahsap-deck-ve-kompozit-deck-arasindaki-farklar.jpg\" class=\"attachment-large size-large\" alt=\"\" decoding=\"async\" loading=\"lazy\" srcset=\"https:\/\/www.prodizayn.com.tr\/wp-content\/uploads\/2025\/04\/ahsap-deck-ve-kompozit-deck-arasindaki-farklar.jpg 800w, https:\/\/www.prodizayn.com.tr\/wp-content\/uploads\/2025\/04\/ahsap-deck-ve-kompozit-deck-arasindaki-farklar-430x323.jpg 430w, https:\/\/www.prodizayn.com.tr\/wp-content\/uploads\/2025\/04\/ahsap-deck-ve-kompozit-deck-arasindaki-farklar-150x113.jpg 150w, https:\/\/www.prodizayn.com.tr\/wp-content\/uploads\/2025\/04\/ahsap-deck-ve-kompozit-deck-arasindaki-farklar-700x525.jpg 700w, https:\/\/www.prodizayn.com.tr\/wp-content\/uploads\/2025\/04\/ahsap-deck-ve-kompozit-deck-arasindaki-farklar-400x300.jpg 400w, https:\/\/www.prodizayn.com.tr\/wp-content\/uploads\/2025\/04\/ahsap-deck-ve-kompozit-deck-arasindaki-farklar-768x576.jpg 768w\" sizes=\"auto, (max-width: 800px) 100vw, 800px\" \/>\t\t\t\t\t<\/div>\n\t\t\t\t\t\t\t\t\t\t<a class=\"wd-fill\" tabindex=\"-1\" href=\"https:\/\/www.prodizayn.com.tr\/ahsap-deck-ve-kompozit-deck-arasindaki-fark\/\" aria-label=\"Link on post Ah\u015fap Deck ve Kompozit Deck Aras\u0131ndaki Fark\"><\/a>\n\t\t\t\t\n\t\t\t\t\t\t\t<\/div>\n\t\t\n\t\t<div class=\"wd-post-content article-body-container\">\n\t\t\t\n\t\t\t\t\t\t\t<h3 class=\"wd-post-title wd-entities-title title post-title\">\n\t\t\t\t\t<a href=\"https:\/\/www.prodizayn.com.tr\/ahsap-deck-ve-kompozit-deck-arasindaki-fark\/\" rel=\"bookmark\">Ah\u015fap Deck ve Kompozit Deck Aras\u0131ndaki Fark<\/a>\n\t\t\t\t<\/h3>\n\t\t\t\n\t\t\t\n\t\t\t\t\t\t\t\t\t\t\t\t<div class=\"wd-post-excerpt entry-content\">\n\t\t\t\t\t\tAyn\u0131 mekanlarda kullan\u0131lan i\u015flevleri benzer olan ve isimleri de k\u0131smen benzer olan bir \u00fcr\u00fcn grubu var.\u00a0Ah\u015fap deck ve kompozit...\t\t\t\t\t<\/div>\n\t\t\t\t\n\t\t\t\t\t\t\t\t\t<\/div>\n\t<\/div>\n<\/article>\n\n\t\t\t\t\t\t\t\t\t\t\t\n<article id=\"post-19338\" class=\"wd-post blog-design-chess blog-post-loop blog-design-small-images blog-style-bg wd-add-shadow wd-col post-19338 post type-post status-publish format-standard has-post-thumbnail hentry category-estetik category-hpl tag-berry-alloc tag-berry-alloc-hlp tag-berry-alloc-hlp-zemin tag-berry-alloc-hpl tag-berry-alloc-istanbul tag-berry-alloc-prodizayn tag-berry-alloc-turkiye tag-berry-alloc-zemin-kaplama tag-cafe-ve-restoran-zemin-kaplama tag-hpl-zemin-kaplama tag-prodizayn tag-prodizyan-zemin-kaplama tag-silte tag-yer-dosemesi tag-zemin-dosemeleri tag-zemin-kaplama\">\n\t<div class=\"wd-post-inner article-inner\">\n\t\t\t\t\t<div class=\"wd-post-thumb entry-header\">\n\t\t\t\t\t\t\t\t\t<div class=\"wd-post-img post-img-wrapp\">\n\t\t\t\t\t\t<img width=\"800\" height=\"600\" src=\"https:\/\/www.prodizayn.com.tr\/wp-content\/uploads\/2025\/04\/kafe-restoran-zemin-kaplama.jpg\" class=\"attachment-large size-large\" alt=\"\" decoding=\"async\" loading=\"lazy\" srcset=\"https:\/\/www.prodizayn.com.tr\/wp-content\/uploads\/2025\/04\/kafe-restoran-zemin-kaplama.jpg 800w, https:\/\/www.prodizayn.com.tr\/wp-content\/uploads\/2025\/04\/kafe-restoran-zemin-kaplama-430x323.jpg 430w, https:\/\/www.prodizayn.com.tr\/wp-content\/uploads\/2025\/04\/kafe-restoran-zemin-kaplama-150x113.jpg 150w, https:\/\/www.prodizayn.com.tr\/wp-content\/uploads\/2025\/04\/kafe-restoran-zemin-kaplama-700x525.jpg 700w, https:\/\/www.prodizayn.com.tr\/wp-content\/uploads\/2025\/04\/kafe-restoran-zemin-kaplama-400x300.jpg 400w, https:\/\/www.prodizayn.com.tr\/wp-content\/uploads\/2025\/04\/kafe-restoran-zemin-kaplama-768x576.jpg 768w\" sizes=\"auto, (max-width: 800px) 100vw, 800px\" \/>\t\t\t\t\t<\/div>\n\t\t\t\t\t\t\t\t\t\t<a class=\"wd-fill\" tabindex=\"-1\" href=\"https:\/\/www.prodizayn.com.tr\/cafe-ve-restoran-zemin-kaplamalari-hakkinda\/\" aria-label=\"Link on post Cafe ve Restoran Zemin kaplamalar\u0131 Hakk\u0131nda\"><\/a>\n\t\t\t\t\n\t\t\t\t\t\t\t<\/div>\n\t\t\n\t\t<div class=\"wd-post-content article-body-container\">\n\t\t\t\n\t\t\t\t\t\t\t<h3 class=\"wd-post-title wd-entities-title title post-title\">\n\t\t\t\t\t<a href=\"https:\/\/www.prodizayn.com.tr\/cafe-ve-restoran-zemin-kaplamalari-hakkinda\/\" rel=\"bookmark\">Cafe ve Restoran Zemin kaplamalar\u0131 Hakk\u0131nda<\/a>\n\t\t\t\t<\/h3>\n\t\t\t\n\t\t\t\n\t\t\t\t\t\t\t\t\t\t\t\t<div class=\"wd-post-excerpt entry-content\">\n\t\t\t\t\t\tCafe yada Restoran sahibiyseniz zemin kaplaman\u0131z i\u00e7in \u00f6ncelikli istekleriniz, zeminin \u00fczerinden y\u0131llar ge\u00e7se bile yeni ve par...\t\t\t\t\t<\/div>\n\t\t\t\t\n\t\t\t\t\t\t\t\t\t<\/div>\n\t<\/div>\n<\/article>\n\n\t\t\t\t\t\t\t\t\t\t\t\n<article id=\"post-19331\" class=\"wd-post blog-design-chess blog-post-loop blog-design-small-images blog-style-bg wd-add-shadow wd-col post-19331 post type-post status-publish format-standard has-post-thumbnail hentry category-ahsap-dekorasyon category-estetik category-laminat-parke category-lamine-parke tag-ahsap-parke tag-berry-alloc tag-berry-alloc-lamine-parke tag-laminat-parke tag-laminat-parke-prodizayn tag-lamine-parke tag-lamine-parke-istanbul tag-lamine-parke-prodizayn tag-parke tag-parke-alti-siltesi tag-parke-alti-siltesi-neden-kullanilir tag-parke-alti-siltesi-nedir tag-parke-alti-siltesinin-faydalari tag-parke-altina-silte-dosenmeli-mi tag-prodizayn tag-silte tag-tublex-silte tag-yer-dosemesi tag-zemin-dosemeleri tag-zemin-kaplama\">\n\t<div class=\"wd-post-inner article-inner\">\n\t\t\t\t\t<div class=\"wd-post-thumb entry-header\">\n\t\t\t\t\t\t\t\t\t<div class=\"wd-post-img post-img-wrapp\">\n\t\t\t\t\t\t<img width=\"800\" height=\"600\" src=\"https:\/\/www.prodizayn.com.tr\/wp-content\/uploads\/2025\/04\/huzur-veren-zeminler.jpg\" class=\"attachment-large size-large\" alt=\"\" decoding=\"async\" loading=\"lazy\" srcset=\"https:\/\/www.prodizayn.com.tr\/wp-content\/uploads\/2025\/04\/huzur-veren-zeminler.jpg 800w, https:\/\/www.prodizayn.com.tr\/wp-content\/uploads\/2025\/04\/huzur-veren-zeminler-430x323.jpg 430w, https:\/\/www.prodizayn.com.tr\/wp-content\/uploads\/2025\/04\/huzur-veren-zeminler-150x113.jpg 150w, https:\/\/www.prodizayn.com.tr\/wp-content\/uploads\/2025\/04\/huzur-veren-zeminler-700x525.jpg 700w, https:\/\/www.prodizayn.com.tr\/wp-content\/uploads\/2025\/04\/huzur-veren-zeminler-400x300.jpg 400w, https:\/\/www.prodizayn.com.tr\/wp-content\/uploads\/2025\/04\/huzur-veren-zeminler-768x576.jpg 768w\" sizes=\"auto, (max-width: 800px) 100vw, 800px\" \/>\t\t\t\t\t<\/div>\n\t\t\t\t\t\t\t\t\t\t<a class=\"wd-fill\" tabindex=\"-1\" href=\"https:\/\/www.prodizayn.com.tr\/parke-alti-siltesi-nedir-ne-icin-kullanilir\/\" aria-label=\"Link on post Parke Alt\u0131 \u015eiltesi Nedir? Ne \u0130\u00e7in Kullan\u0131l\u0131r?\"><\/a>\n\t\t\t\t\n\t\t\t\t\t\t\t<\/div>\n\t\t\n\t\t<div class=\"wd-post-content article-body-container\">\n\t\t\t\n\t\t\t\t\t\t\t<h3 class=\"wd-post-title wd-entities-title title post-title\">\n\t\t\t\t\t<a href=\"https:\/\/www.prodizayn.com.tr\/parke-alti-siltesi-nedir-ne-icin-kullanilir\/\" rel=\"bookmark\">Parke Alt\u0131 \u015eiltesi Nedir? Ne \u0130\u00e7in Kullan\u0131l\u0131r?<\/a>\n\t\t\t\t<\/h3>\n\t\t\t\n\t\t\t\n\t\t\t\t\t\t\t\t\t\t\t\t<div class=\"wd-post-excerpt entry-content\">\n\t\t\t\t\t\tParke Alt\u0131 \u015eiltesi Nedir? Ne \u0130\u00e7in Kullan\u0131l\u0131r?Daha \u00f6nce yaz\u0131lar\u0131m\u0131z\u0131n birinde\u00a0parke alt\u0131 \u015filtesinin ne oldu\u011fundan k\u0131saca bahse...\t\t\t\t\t<\/div>\n\t\t\t\t\n\t\t\t\t\t\t\t\t\t<\/div>\n\t<\/div>\n<\/article>\n\n\t\t\t\t\t\t\t\t\t\t\t\n<article id=\"post-19319\" class=\"wd-post blog-design-chess blog-post-loop blog-design-small-images blog-style-bg wd-add-shadow wd-col post-19319 post type-post status-publish format-standard has-post-thumbnail hentry category-ahsap-dekorasyon category-deck category-estetik category-lamine-parke tag-ahsap-deck tag-ahsap-deck-nedir tag-ahsap-deck-prodizayn tag-ahsap-ozellikleri tag-ahsap-parke tag-berry-alloc tag-berry-alloc-istanbul tag-berry-alloc-lamine-parke tag-berry-alloc-lamine-parkenin-ozellikleri tag-fb-hout tag-fb-hout-istanbul tag-lamine-parke tag-lamine-parke-istanbul tag-lamine-parke-kullanimi tag-lamine-parke-nedir tag-lamine-parke-prodizayn tag-prodizayn tag-yer-dosemesi\">\n\t<div class=\"wd-post-inner article-inner\">\n\t\t\t\t\t<div class=\"wd-post-thumb entry-header\">\n\t\t\t\t\t\t\t\t\t<div class=\"wd-post-img post-img-wrapp\">\n\t\t\t\t\t\t<img width=\"800\" height=\"600\" src=\"https:\/\/www.prodizayn.com.tr\/wp-content\/uploads\/2025\/04\/huzur-veren-zeminler.jpg\" class=\"attachment-large size-large\" alt=\"\" decoding=\"async\" loading=\"lazy\" srcset=\"https:\/\/www.prodizayn.com.tr\/wp-content\/uploads\/2025\/04\/huzur-veren-zeminler.jpg 800w, https:\/\/www.prodizayn.com.tr\/wp-content\/uploads\/2025\/04\/huzur-veren-zeminler-430x323.jpg 430w, https:\/\/www.prodizayn.com.tr\/wp-content\/uploads\/2025\/04\/huzur-veren-zeminler-150x113.jpg 150w, https:\/\/www.prodizayn.com.tr\/wp-content\/uploads\/2025\/04\/huzur-veren-zeminler-700x525.jpg 700w, https:\/\/www.prodizayn.com.tr\/wp-content\/uploads\/2025\/04\/huzur-veren-zeminler-400x300.jpg 400w, https:\/\/www.prodizayn.com.tr\/wp-content\/uploads\/2025\/04\/huzur-veren-zeminler-768x576.jpg 768w\" sizes=\"auto, (max-width: 800px) 100vw, 800px\" \/>\t\t\t\t\t<\/div>\n\t\t\t\t\t\t\t\t\t\t<a class=\"wd-fill\" tabindex=\"-1\" href=\"https:\/\/www.prodizayn.com.tr\/ahsap-yer-dosemesi-ozellikleri\/\" aria-label=\"Link on post Ah\u015fap Yer D\u00f6\u015femesi \u00d6zellikleri\"><\/a>\n\t\t\t\t\n\t\t\t\t\t\t\t<\/div>\n\t\t\n\t\t<div class=\"wd-post-content article-body-container\">\n\t\t\t\n\t\t\t\t\t\t\t<h3 class=\"wd-post-title wd-entities-title title post-title\">\n\t\t\t\t\t<a href=\"https:\/\/www.prodizayn.com.tr\/ahsap-yer-dosemesi-ozellikleri\/\" rel=\"bookmark\">Ah\u015fap Yer D\u00f6\u015femesi \u00d6zellikleri<\/a>\n\t\t\t\t<\/h3>\n\t\t\t\n\t\t\t\n\t\t\t\t\t\t\t\t\t\t\t\t<div class=\"wd-post-excerpt entry-content\">\n\t\t\t\t\t\tAmerika\u2019daki konutlar\u0131n ortalama %90\u2019\u0131n\u0131n, Kaliforniya\u2019da ise %99 \u0131n\u0131n\u00a0ah\u015fap\u00a0oldu\u011funu biliyor muydunuz?\u00a0Ah\u015fap kullan\u0131m\u0131 d\u00fcnya...\t\t\t\t\t<\/div>\n\t\t\t\t\n\t\t\t\t\t\t\t\t\t<\/div>\n\t<\/div>\n<\/article>\n\n\t\t\t\t\t\n\t\t\t\t\t","status":"have-posts","nextPage":"https:\/\/www.prodizayn.com.tr\/blog\/page\/13\/?woo_ajax=1","currentPage":"https:\/\/www.prodizayn.com.tr\/blog\/page\/12"}