
			
				

					
				

			
		{"items":"\n\t\t\t\t\t\t\t\t\t\t\t\n<article id=\"post-18792\" class=\"wd-post blog-design-chess blog-post-loop blog-design-small-images blog-style-bg wd-add-shadow wd-col post-18792 post type-post status-publish format-standard has-post-thumbnail hentry category-ahsap-dekorasyon category-deck category-estetik tag-havuz-doseme tag-havuz-kenari-ahsap-doseme tag-havuz-kenari-zeminleri tag-islak-doseme tag-islak-zemin tag-zemin-dosemeleri tag-zemin-kaplama\">\n\t<div class=\"wd-post-inner article-inner\">\n\t\t\t\t\t<div class=\"wd-post-thumb entry-header\">\n\t\t\t\t\t\t\t\t\t<div class=\"wd-post-img post-img-wrapp\">\n\t\t\t\t\t\t<img width=\"800\" height=\"600\" src=\"https:\/\/www.prodizayn.com.tr\/wp-content\/uploads\/2025\/04\/islak-mekan-zemini.jpg\" class=\"attachment-large size-large\" alt=\"\" decoding=\"async\" fetchpriority=\"high\" srcset=\"https:\/\/www.prodizayn.com.tr\/wp-content\/uploads\/2025\/04\/islak-mekan-zemini.jpg 800w, https:\/\/www.prodizayn.com.tr\/wp-content\/uploads\/2025\/04\/islak-mekan-zemini-430x323.jpg 430w, https:\/\/www.prodizayn.com.tr\/wp-content\/uploads\/2025\/04\/islak-mekan-zemini-150x113.jpg 150w, https:\/\/www.prodizayn.com.tr\/wp-content\/uploads\/2025\/04\/islak-mekan-zemini-700x525.jpg 700w, https:\/\/www.prodizayn.com.tr\/wp-content\/uploads\/2025\/04\/islak-mekan-zemini-400x300.jpg 400w, https:\/\/www.prodizayn.com.tr\/wp-content\/uploads\/2025\/04\/islak-mekan-zemini-768x576.jpg 768w\" sizes=\"(max-width: 800px) 100vw, 800px\" \/>\t\t\t\t\t<\/div>\n\t\t\t\t\t\t\t\t\t\t<a class=\"wd-fill\" tabindex=\"-1\" href=\"https:\/\/www.prodizayn.com.tr\/bir-islak-mekan-zemini-harikasi-ahsap-deck\/\" aria-label=\"Link on post Bir Islak Mekan Zemini Harikas\u0131 : Ah\u015fap Deck\"><\/a>\n\t\t\t\t\n\t\t\t\t\t\t\t<\/div>\n\t\t\n\t\t<div class=\"wd-post-content article-body-container\">\n\t\t\t\n\t\t\t\t\t\t\t<h3 class=\"wd-post-title wd-entities-title title post-title\">\n\t\t\t\t\t<a href=\"https:\/\/www.prodizayn.com.tr\/bir-islak-mekan-zemini-harikasi-ahsap-deck\/\" rel=\"bookmark\">Bir Islak Mekan Zemini Harikas\u0131 : Ah\u015fap Deck<\/a>\n\t\t\t\t<\/h3>\n\t\t\t\n\t\t\t\n\t\t\t\t\t\t\t\t\t\t\t\t<div class=\"wd-post-excerpt entry-content\">\n\t\t\t\t\t\tAh\u015fap, y\u00fczlerce varyasyonda hem modern hem de klasik dokuyu estetik k\u0131labilmesiyle binlerce y\u0131ld\u0131r en \u00e7ok tercih edilen yap\u0131 ...\t\t\t\t\t<\/div>\n\t\t\t\t\n\t\t\t\t\t\t\t\t\t<\/div>\n\t<\/div>\n<\/article>\n\n\t\t\t\t\t\t\t\t\t\t\t\n<article id=\"post-18780\" class=\"wd-post blog-design-chess blog-post-loop blog-design-small-images blog-style-bg wd-add-shadow wd-col post-18780 post type-post status-publish format-standard has-post-thumbnail hentry category-estetik category-laminat-parke category-lamine-parke tag-berry-alloc tag-kaplama tag-lamine tag-parke tag-zemin-doseme tag-zemin-dosemeleri tag-zemin-kaplama\">\n\t<div class=\"wd-post-inner article-inner\">\n\t\t\t\t\t<div class=\"wd-post-thumb entry-header\">\n\t\t\t\t\t\t\t\t\t<div class=\"wd-post-img post-img-wrapp\">\n\t\t\t\t\t\t<img width=\"800\" height=\"600\" src=\"https:\/\/www.prodizayn.com.tr\/wp-content\/uploads\/2025\/04\/zemin-sanati-Berry.jpg\" class=\"attachment-large size-large\" alt=\"\" decoding=\"async\" srcset=\"https:\/\/www.prodizayn.com.tr\/wp-content\/uploads\/2025\/04\/zemin-sanati-Berry.jpg 800w, https:\/\/www.prodizayn.com.tr\/wp-content\/uploads\/2025\/04\/zemin-sanati-Berry-430x323.jpg 430w, https:\/\/www.prodizayn.com.tr\/wp-content\/uploads\/2025\/04\/zemin-sanati-Berry-150x113.jpg 150w, https:\/\/www.prodizayn.com.tr\/wp-content\/uploads\/2025\/04\/zemin-sanati-Berry-700x525.jpg 700w, https:\/\/www.prodizayn.com.tr\/wp-content\/uploads\/2025\/04\/zemin-sanati-Berry-400x300.jpg 400w, https:\/\/www.prodizayn.com.tr\/wp-content\/uploads\/2025\/04\/zemin-sanati-Berry-768x576.jpg 768w\" sizes=\"(max-width: 800px) 100vw, 800px\" \/>\t\t\t\t\t<\/div>\n\t\t\t\t\t\t\t\t\t\t<a class=\"wd-fill\" tabindex=\"-1\" href=\"https:\/\/www.prodizayn.com.tr\/bir-dis-mekan-gozdesi-kompozit-deck\/\" aria-label=\"Link on post Berry Alloc : Zemin Sanat\u0131\"><\/a>\n\t\t\t\t\n\t\t\t\t\t\t\t<\/div>\n\t\t\n\t\t<div class=\"wd-post-content article-body-container\">\n\t\t\t\n\t\t\t\t\t\t\t<h3 class=\"wd-post-title wd-entities-title title post-title\">\n\t\t\t\t\t<a href=\"https:\/\/www.prodizayn.com.tr\/bir-dis-mekan-gozdesi-kompozit-deck\/\" rel=\"bookmark\">Berry Alloc : Zemin Sanat\u0131<\/a>\n\t\t\t\t<\/h3>\n\t\t\t\n\t\t\t\n\t\t\t\t\t\t\t\t\t\t\t\t<div class=\"wd-post-excerpt entry-content\">\n\t\t\t\t\t\tKu\u015fkusuz bir alan\u0131 kendine has bir alan haline getirmek en \u00f6nce ayaklar\u0131m\u0131z\u0131n alt\u0131ndan ba\u015fl\u0131yor.\u00a0Zemin d\u00f6\u015femeleri\u00a0her t\u00fcrden ...\t\t\t\t\t<\/div>\n\t\t\t\t\n\t\t\t\t\t\t\t\t\t<\/div>\n\t<\/div>\n<\/article>\n\n\t\t\t\t\t\t\t\t\t\t\t\n<article id=\"post-18774\" class=\"wd-post blog-design-chess blog-post-loop blog-design-small-images blog-style-bg wd-add-shadow wd-col post-18774 post type-post status-publish format-standard has-post-thumbnail hentry category-lamine-parke tag-kafe-parke tag-lamine-temizligi tag-ofis-parkeleri tag-parke-temizligi\">\n\t<div class=\"wd-post-inner article-inner\">\n\t\t\t\t\t<div class=\"wd-post-thumb entry-header\">\n\t\t\t\t\t\t\t\t\t<div class=\"wd-post-img post-img-wrapp\">\n\t\t\t\t\t\t<img width=\"800\" height=\"600\" src=\"https:\/\/www.prodizayn.com.tr\/wp-content\/uploads\/2025\/04\/lamine-parke-nedir.jpg\" class=\"attachment-large size-large\" alt=\"\" decoding=\"async\" srcset=\"https:\/\/www.prodizayn.com.tr\/wp-content\/uploads\/2025\/04\/lamine-parke-nedir.jpg 800w, https:\/\/www.prodizayn.com.tr\/wp-content\/uploads\/2025\/04\/lamine-parke-nedir-430x323.jpg 430w, https:\/\/www.prodizayn.com.tr\/wp-content\/uploads\/2025\/04\/lamine-parke-nedir-150x113.jpg 150w, https:\/\/www.prodizayn.com.tr\/wp-content\/uploads\/2025\/04\/lamine-parke-nedir-700x525.jpg 700w, https:\/\/www.prodizayn.com.tr\/wp-content\/uploads\/2025\/04\/lamine-parke-nedir-400x300.jpg 400w, https:\/\/www.prodizayn.com.tr\/wp-content\/uploads\/2025\/04\/lamine-parke-nedir-768x576.jpg 768w\" sizes=\"(max-width: 800px) 100vw, 800px\" \/>\t\t\t\t\t<\/div>\n\t\t\t\t\t\t\t\t\t\t<a class=\"wd-fill\" tabindex=\"-1\" href=\"https:\/\/www.prodizayn.com.tr\/lamine-parke-nedir\/\" aria-label=\"Link on post Lamine Parke Nedir ?\"><\/a>\n\t\t\t\t\n\t\t\t\t\t\t\t<\/div>\n\t\t\n\t\t<div class=\"wd-post-content article-body-container\">\n\t\t\t\n\t\t\t\t\t\t\t<h3 class=\"wd-post-title wd-entities-title title post-title\">\n\t\t\t\t\t<a href=\"https:\/\/www.prodizayn.com.tr\/lamine-parke-nedir\/\" rel=\"bookmark\">Lamine Parke Nedir ?<\/a>\n\t\t\t\t<\/h3>\n\t\t\t\n\t\t\t\n\t\t\t\t\t\t\t\t\t\t\t\t<div class=\"wd-post-excerpt entry-content\">\n\t\t\t\t\t\tLamine parke, \u00a0iki yahut \u00fc\u00e7 katmanl\u0131 \u00fcretilen parke \u00e7e\u015fididir. Alt katmanlarda genellikle d\u00fc\u015f\u00fck de\u011ferdeki herhangi bir a\u011fa\u00e7 y...\t\t\t\t\t<\/div>\n\t\t\t\t\n\t\t\t\t\t\t\t\t\t<\/div>\n\t<\/div>\n<\/article>\n\n\t\t\t\t\t\t\t\t\t\t\t\n<article id=\"post-18769\" class=\"wd-post blog-design-chess blog-post-loop blog-design-small-images blog-style-bg wd-add-shadow wd-col post-18769 post type-post status-publish format-standard has-post-thumbnail hentry category-estetik category-laminat-parke category-lamine-parke tag-lamine-temizligi tag-parke-temizligi\">\n\t<div class=\"wd-post-inner article-inner\">\n\t\t\t\t\t<div class=\"wd-post-thumb entry-header\">\n\t\t\t\t\t\t\t\t\t<div class=\"wd-post-img post-img-wrapp\">\n\t\t\t\t\t\t<img width=\"800\" height=\"600\" src=\"https:\/\/www.prodizayn.com.tr\/wp-content\/uploads\/2025\/04\/isil-isil-parke.jpg\" class=\"attachment-large size-large\" alt=\"\" decoding=\"async\" loading=\"lazy\" srcset=\"https:\/\/www.prodizayn.com.tr\/wp-content\/uploads\/2025\/04\/isil-isil-parke.jpg 800w, https:\/\/www.prodizayn.com.tr\/wp-content\/uploads\/2025\/04\/isil-isil-parke-430x323.jpg 430w, https:\/\/www.prodizayn.com.tr\/wp-content\/uploads\/2025\/04\/isil-isil-parke-150x113.jpg 150w, https:\/\/www.prodizayn.com.tr\/wp-content\/uploads\/2025\/04\/isil-isil-parke-700x525.jpg 700w, https:\/\/www.prodizayn.com.tr\/wp-content\/uploads\/2025\/04\/isil-isil-parke-400x300.jpg 400w, https:\/\/www.prodizayn.com.tr\/wp-content\/uploads\/2025\/04\/isil-isil-parke-768x576.jpg 768w\" sizes=\"auto, (max-width: 800px) 100vw, 800px\" \/>\t\t\t\t\t<\/div>\n\t\t\t\t\t\t\t\t\t\t<a class=\"wd-fill\" tabindex=\"-1\" href=\"https:\/\/www.prodizayn.com.tr\/isil-isil-parkeler-icin-ipuclari\/\" aria-label=\"Link on post I\u015f\u0131l I\u015f\u0131l Parkeler \u0130\u00e7in \u0130pu\u00e7lar\u0131\"><\/a>\n\t\t\t\t\n\t\t\t\t\t\t\t<\/div>\n\t\t\n\t\t<div class=\"wd-post-content article-body-container\">\n\t\t\t\n\t\t\t\t\t\t\t<h3 class=\"wd-post-title wd-entities-title title post-title\">\n\t\t\t\t\t<a href=\"https:\/\/www.prodizayn.com.tr\/isil-isil-parkeler-icin-ipuclari\/\" rel=\"bookmark\">I\u015f\u0131l I\u015f\u0131l Parkeler \u0130\u00e7in \u0130pu\u00e7lar\u0131<\/a>\n\t\t\t\t<\/h3>\n\t\t\t\n\t\t\t\n\t\t\t\t\t\t\t\t\t\t\t\t<div class=\"wd-post-excerpt entry-content\">\n\t\t\t\t\t\t\u00a0Zemin, bir mekana estetik anlamda en fazla de\u011fer katan ve g\u00f6rsel g\u00fczellik \u00f6l\u00e7\u00fctlerini belirleyen yap\u0131 ta\u015f\u0131d\u0131r. Zemin kaplama...\t\t\t\t\t<\/div>\n\t\t\t\t\n\t\t\t\t\t\t\t\t\t<\/div>\n\t<\/div>\n<\/article>\n\n\t\t\t\t\t\t\t\t\t\t\t\n<article id=\"post-18749\" class=\"wd-post blog-design-chess blog-post-loop blog-design-small-images blog-style-bg wd-add-shadow wd-col post-18749 post type-post status-publish format-standard has-post-thumbnail hentry category-ahsap-dekorasyon category-estetik tag-kafe-parke tag-kafe-zemin-kaplamasi tag-zemin-dosemeleri\">\n\t<div class=\"wd-post-inner article-inner\">\n\t\t\t\t\t<div class=\"wd-post-thumb entry-header\">\n\t\t\t\t\t\t\t\t\t<div class=\"wd-post-img post-img-wrapp\">\n\t\t\t\t\t\t<img width=\"800\" height=\"600\" src=\"https:\/\/www.prodizayn.com.tr\/wp-content\/uploads\/2025\/04\/cafe-estetigi.jpg\" class=\"attachment-large size-large\" alt=\"\" decoding=\"async\" loading=\"lazy\" srcset=\"https:\/\/www.prodizayn.com.tr\/wp-content\/uploads\/2025\/04\/cafe-estetigi.jpg 800w, https:\/\/www.prodizayn.com.tr\/wp-content\/uploads\/2025\/04\/cafe-estetigi-430x323.jpg 430w, https:\/\/www.prodizayn.com.tr\/wp-content\/uploads\/2025\/04\/cafe-estetigi-150x113.jpg 150w, https:\/\/www.prodizayn.com.tr\/wp-content\/uploads\/2025\/04\/cafe-estetigi-700x525.jpg 700w, https:\/\/www.prodizayn.com.tr\/wp-content\/uploads\/2025\/04\/cafe-estetigi-400x300.jpg 400w, https:\/\/www.prodizayn.com.tr\/wp-content\/uploads\/2025\/04\/cafe-estetigi-768x576.jpg 768w\" sizes=\"auto, (max-width: 800px) 100vw, 800px\" \/>\t\t\t\t\t<\/div>\n\t\t\t\t\t\t\t\t\t\t<a class=\"wd-fill\" tabindex=\"-1\" href=\"https:\/\/www.prodizayn.com.tr\/kafeniz-estetigin-odagi-olsun\/\" aria-label=\"Link on post Kafeniz Esteti\u011fin Oda\u011f\u0131 Olsun\"><\/a>\n\t\t\t\t\n\t\t\t\t\t\t\t<\/div>\n\t\t\n\t\t<div class=\"wd-post-content article-body-container\">\n\t\t\t\n\t\t\t\t\t\t\t<h3 class=\"wd-post-title wd-entities-title title post-title\">\n\t\t\t\t\t<a href=\"https:\/\/www.prodizayn.com.tr\/kafeniz-estetigin-odagi-olsun\/\" rel=\"bookmark\">Kafeniz Esteti\u011fin Oda\u011f\u0131 Olsun<\/a>\n\t\t\t\t<\/h3>\n\t\t\t\n\t\t\t\n\t\t\t\t\t\t\t\t\t\t\t\t<div class=\"wd-post-excerpt entry-content\">\n\t\t\t\t\t\tBildi\u011finiz \u00fczere yeni trend\u00a0kahve d\u00fckkanlar\u0131\u00a0m\u00fc\u015fterilerine envayi \u00e7e\u015fit kahveden daha fazlas\u0131n\u0131 sunmay\u0131 hedefliyor. Misafirle...\t\t\t\t\t<\/div>\n\t\t\t\t\n\t\t\t\t\t\t\t\t\t<\/div>\n\t<\/div>\n<\/article>\n\n\t\t\t\t\t\t\t\t\t\t\t\n<article id=\"post-18744\" class=\"wd-post blog-design-chess blog-post-loop blog-design-small-images blog-style-bg wd-add-shadow wd-col post-18744 post type-post status-publish format-standard has-post-thumbnail hentry category-deck tag-ahsap-deck tag-havuz-kenari-ahsap-doseme tag-havuz-kenari-zeminleri\">\n\t<div class=\"wd-post-inner article-inner\">\n\t\t\t\t\t<div class=\"wd-post-thumb entry-header\">\n\t\t\t\t\t\t\t\t\t<div class=\"wd-post-img post-img-wrapp\">\n\t\t\t\t\t\t<img width=\"800\" height=\"600\" src=\"https:\/\/www.prodizayn.com.tr\/wp-content\/uploads\/2025\/04\/havuz-kenari.jpg\" class=\"attachment-large size-large\" alt=\"\" decoding=\"async\" loading=\"lazy\" srcset=\"https:\/\/www.prodizayn.com.tr\/wp-content\/uploads\/2025\/04\/havuz-kenari.jpg 800w, https:\/\/www.prodizayn.com.tr\/wp-content\/uploads\/2025\/04\/havuz-kenari-430x323.jpg 430w, https:\/\/www.prodizayn.com.tr\/wp-content\/uploads\/2025\/04\/havuz-kenari-150x113.jpg 150w, https:\/\/www.prodizayn.com.tr\/wp-content\/uploads\/2025\/04\/havuz-kenari-700x525.jpg 700w, https:\/\/www.prodizayn.com.tr\/wp-content\/uploads\/2025\/04\/havuz-kenari-400x300.jpg 400w, https:\/\/www.prodizayn.com.tr\/wp-content\/uploads\/2025\/04\/havuz-kenari-768x576.jpg 768w\" sizes=\"auto, (max-width: 800px) 100vw, 800px\" \/>\t\t\t\t\t<\/div>\n\t\t\t\t\t\t\t\t\t\t<a class=\"wd-fill\" tabindex=\"-1\" href=\"https:\/\/www.prodizayn.com.tr\/havuz-kenarlarinda-sikligi-guvenilirlikle-taclandirin\/\" aria-label=\"Link on post Havuz Kenarlar\u0131nda \u015e\u0131kl\u0131\u011f\u0131 G\u00fcvenilirlikle Ta\u00e7land\u0131r\u0131n\"><\/a>\n\t\t\t\t\n\t\t\t\t\t\t\t<\/div>\n\t\t\n\t\t<div class=\"wd-post-content article-body-container\">\n\t\t\t\n\t\t\t\t\t\t\t<h3 class=\"wd-post-title wd-entities-title title post-title\">\n\t\t\t\t\t<a href=\"https:\/\/www.prodizayn.com.tr\/havuz-kenarlarinda-sikligi-guvenilirlikle-taclandirin\/\" rel=\"bookmark\">Havuz Kenarlar\u0131nda \u015e\u0131kl\u0131\u011f\u0131 G\u00fcvenilirlikle Ta\u00e7land\u0131r\u0131n<\/a>\n\t\t\t\t<\/h3>\n\t\t\t\n\t\t\t\n\t\t\t\t\t\t\t\t\t\t\t\t<div class=\"wd-post-excerpt entry-content\">\n\t\t\t\t\t\tEvinizin ya da sitenizin bah\u00e7esindeki havuzun keyfini s\u00fcrmenin en g\u00fczel oldu\u011fu zamanlarday\u0131z. Siz de bah\u00e7esinde havuzu olanla...\t\t\t\t\t<\/div>\n\t\t\t\t\n\t\t\t\t\t\t\t\t\t<\/div>\n\t<\/div>\n<\/article>\n\n\t\t\t\t\t\t\t\t\t\t\t\n<article id=\"post-18733\" class=\"wd-post blog-design-chess blog-post-loop blog-design-small-images blog-style-bg wd-add-shadow wd-col post-18733 post type-post status-publish format-standard has-post-thumbnail hentry category-estetik category-laminat-parke category-lamine-parke tag-ofis-parkeleri tag-ofis-zemin-dosemeleri tag-zemin-dosemeleri\">\n\t<div class=\"wd-post-inner article-inner\">\n\t\t\t\t\t<div class=\"wd-post-thumb entry-header\">\n\t\t\t\t\t\t\t\t\t<div class=\"wd-post-img post-img-wrapp\">\n\t\t\t\t\t\t<img width=\"800\" height=\"600\" src=\"https:\/\/www.prodizayn.com.tr\/wp-content\/uploads\/2025\/04\/uygun-parke-ofisler.jpg\" class=\"attachment-large size-large\" alt=\"\" decoding=\"async\" loading=\"lazy\" srcset=\"https:\/\/www.prodizayn.com.tr\/wp-content\/uploads\/2025\/04\/uygun-parke-ofisler.jpg 800w, https:\/\/www.prodizayn.com.tr\/wp-content\/uploads\/2025\/04\/uygun-parke-ofisler-430x323.jpg 430w, https:\/\/www.prodizayn.com.tr\/wp-content\/uploads\/2025\/04\/uygun-parke-ofisler-150x113.jpg 150w, https:\/\/www.prodizayn.com.tr\/wp-content\/uploads\/2025\/04\/uygun-parke-ofisler-700x525.jpg 700w, https:\/\/www.prodizayn.com.tr\/wp-content\/uploads\/2025\/04\/uygun-parke-ofisler-400x300.jpg 400w, https:\/\/www.prodizayn.com.tr\/wp-content\/uploads\/2025\/04\/uygun-parke-ofisler-768x576.jpg 768w\" sizes=\"auto, (max-width: 800px) 100vw, 800px\" \/>\t\t\t\t\t<\/div>\n\t\t\t\t\t\t\t\t\t\t<a class=\"wd-fill\" tabindex=\"-1\" href=\"https:\/\/www.prodizayn.com.tr\/uygun-parkelerle-ofisinizi-sanat-galerisine-donusturun\/\" aria-label=\"Link on post Uygun Parkelerle Ofisinizi Sanat Galerisine D\u00f6n\u00fc\u015ft\u00fcr\u00fcn\"><\/a>\n\t\t\t\t\n\t\t\t\t\t\t\t<\/div>\n\t\t\n\t\t<div class=\"wd-post-content article-body-container\">\n\t\t\t\n\t\t\t\t\t\t\t<h3 class=\"wd-post-title wd-entities-title title post-title\">\n\t\t\t\t\t<a href=\"https:\/\/www.prodizayn.com.tr\/uygun-parkelerle-ofisinizi-sanat-galerisine-donusturun\/\" rel=\"bookmark\">Uygun Parkelerle Ofisinizi Sanat Galerisine D\u00f6n\u00fc\u015ft\u00fcr\u00fcn<\/a>\n\t\t\t\t<\/h3>\n\t\t\t\n\t\t\t\n\t\t\t\t\t\t\t\t\t\t\t\t<div class=\"wd-post-excerpt entry-content\">\n\t\t\t\t\t\tHaftan\u0131n be\u015f ya da alt\u0131 g\u00fcn\u00fc dokuz\/alt\u0131 \u00e7al\u0131\u015ft\u0131\u011f\u0131n\u0131z alana \u00e7al\u0131\u015fanlar\u0131n\u0131z\u0131n her sabah \u015fevkle gelmesini istemez misiniz ?\u00a0G\u00f6rs...\t\t\t\t\t<\/div>\n\t\t\t\t\n\t\t\t\t\t\t\t\t\t<\/div>\n\t<\/div>\n<\/article>\n\n\t\t\t\t\t\t\t\t\t\t\t\n<article id=\"post-465\" class=\"wd-post blog-design-chess blog-post-loop blog-design-small-images blog-style-bg wd-add-shadow wd-col post-465 post type-post status-publish format-standard has-post-thumbnail hentry category-laminat-parke category-lamine-parke\">\n\t<div class=\"wd-post-inner article-inner\">\n\t\t\t\t\t<div class=\"wd-post-thumb entry-header\">\n\t\t\t\t\t\t\t\t\t<div class=\"wd-post-img post-img-wrapp\">\n\t\t\t\t\t\t<img width=\"800\" height=\"600\" src=\"https:\/\/www.prodizayn.com.tr\/wp-content\/uploads\/2021\/08\/ahsap-dekorasyon.jpg\" class=\"attachment-large size-large\" alt=\"\" decoding=\"async\" loading=\"lazy\" srcset=\"https:\/\/www.prodizayn.com.tr\/wp-content\/uploads\/2021\/08\/ahsap-dekorasyon.jpg 800w, https:\/\/www.prodizayn.com.tr\/wp-content\/uploads\/2021\/08\/ahsap-dekorasyon-430x323.jpg 430w, https:\/\/www.prodizayn.com.tr\/wp-content\/uploads\/2021\/08\/ahsap-dekorasyon-150x113.jpg 150w, https:\/\/www.prodizayn.com.tr\/wp-content\/uploads\/2021\/08\/ahsap-dekorasyon-700x525.jpg 700w, https:\/\/www.prodizayn.com.tr\/wp-content\/uploads\/2021\/08\/ahsap-dekorasyon-400x300.jpg 400w, https:\/\/www.prodizayn.com.tr\/wp-content\/uploads\/2021\/08\/ahsap-dekorasyon-768x576.jpg 768w\" sizes=\"auto, (max-width: 800px) 100vw, 800px\" \/>\t\t\t\t\t<\/div>\n\t\t\t\t\t\t\t\t\t\t<a class=\"wd-fill\" tabindex=\"-1\" href=\"https:\/\/www.prodizayn.com.tr\/ahsap-dekorasyonuna-uygun-parke\/\" aria-label=\"Link on post Ah\u015fap Dekorasyonuna Uygun Parke\"><\/a>\n\t\t\t\t\n\t\t\t\t\t\t\t<\/div>\n\t\t\n\t\t<div class=\"wd-post-content article-body-container\">\n\t\t\t\n\t\t\t\t\t\t\t<h3 class=\"wd-post-title wd-entities-title title post-title\">\n\t\t\t\t\t<a href=\"https:\/\/www.prodizayn.com.tr\/ahsap-dekorasyonuna-uygun-parke\/\" rel=\"bookmark\">Ah\u015fap Dekorasyonuna Uygun Parke<\/a>\n\t\t\t\t<\/h3>\n\t\t\t\n\t\t\t\n\t\t\t\t\t\t\t\t\t\t\t\t<div class=\"wd-post-excerpt entry-content\">\n\t\t\t\t\t\tHepimiz i\u00e7in evi en \u00f6nemli yer. G\u00fcn\u00fcn t\u00fcm yorgunlu\u011funu att\u0131\u011f\u0131n\u0131z, huzur buldu\u011fun en \u00e7ok zaman ge\u00e7irdi\u011fimiz yer ev. Hal b\u00f6yle ...\t\t\t\t\t<\/div>\n\t\t\t\t\n\t\t\t\t\t\t\t\t\t<\/div>\n\t<\/div>\n<\/article>\n\n\t\t\t\t\t\t\t\t\t\t\t\n<article id=\"post-19391\" class=\"wd-post blog-design-chess blog-post-loop blog-design-small-images blog-style-bg wd-add-shadow wd-col post-19391 post type-post status-publish format-standard has-post-thumbnail hentry category-estetik category-laminat-parke category-lamine-parke category-lvt tag-berry-alloc tag-berry-alloc-prodizayn tag-berry-alloc-turkiye tag-berry-allock-istanbul tag-prodizayn tag-prodizyan-zemin-kaplama tag-purline-istanbul tag-purline-organik-zemin-cozumleri tag-purline-parke tag-purline-parkenin-avantajlari tag-purline-turkiye tag-pvc-yer-dosemesi tag-pvc-zemin-kaplama tag-wineo tag-wineo-istanbul tag-wineo-purline tag-wineo-purline-zemin-kaplama tag-wineo-turkiye tag-zemin-doseme tag-zemin-kaplama tag-zemin-kaplama-istanbul tag-zemin-kaplama-turkiye tag-zemin-sistemleri\">\n\t<div class=\"wd-post-inner article-inner\">\n\t\t\t\t\t<div class=\"wd-post-thumb entry-header\">\n\t\t\t\t\t\t\t\t\t<div class=\"wd-post-img post-img-wrapp\">\n\t\t\t\t\t\t<img width=\"800\" height=\"600\" src=\"https:\/\/www.prodizayn.com.tr\/wp-content\/uploads\/2025\/04\/mutfak-zemini-kaplama.jpg\" class=\"attachment-large size-large\" alt=\"\" decoding=\"async\" loading=\"lazy\" srcset=\"https:\/\/www.prodizayn.com.tr\/wp-content\/uploads\/2025\/04\/mutfak-zemini-kaplama.jpg 800w, https:\/\/www.prodizayn.com.tr\/wp-content\/uploads\/2025\/04\/mutfak-zemini-kaplama-430x323.jpg 430w, https:\/\/www.prodizayn.com.tr\/wp-content\/uploads\/2025\/04\/mutfak-zemini-kaplama-150x113.jpg 150w, https:\/\/www.prodizayn.com.tr\/wp-content\/uploads\/2025\/04\/mutfak-zemini-kaplama-700x525.jpg 700w, https:\/\/www.prodizayn.com.tr\/wp-content\/uploads\/2025\/04\/mutfak-zemini-kaplama-400x300.jpg 400w, https:\/\/www.prodizayn.com.tr\/wp-content\/uploads\/2025\/04\/mutfak-zemini-kaplama-768x576.jpg 768w\" sizes=\"auto, (max-width: 800px) 100vw, 800px\" \/>\t\t\t\t\t<\/div>\n\t\t\t\t\t\t\t\t\t\t<a class=\"wd-fill\" tabindex=\"-1\" href=\"https:\/\/www.prodizayn.com.tr\/mutfak-icin-en-dogru-zemin-kaplama\/\" aria-label=\"Link on post Mutfak \u0130\u00e7in En Do\u011fru Zemin Kaplama\"><\/a>\n\t\t\t\t\n\t\t\t\t\t\t\t<\/div>\n\t\t\n\t\t<div class=\"wd-post-content article-body-container\">\n\t\t\t\n\t\t\t\t\t\t\t<h3 class=\"wd-post-title wd-entities-title title post-title\">\n\t\t\t\t\t<a href=\"https:\/\/www.prodizayn.com.tr\/mutfak-icin-en-dogru-zemin-kaplama\/\" rel=\"bookmark\">Mutfak \u0130\u00e7in En Do\u011fru Zemin Kaplama<\/a>\n\t\t\t\t<\/h3>\n\t\t\t\n\t\t\t\n\t\t\t\t\t\t\t\t\t\t\t\t<div class=\"wd-post-excerpt entry-content\">\n\t\t\t\t\t\tMutfak \u0130\u00e7in Hangi Zemin Kaplama \u00c7\u00f6z\u00fcm\u00fc?Mutfaklar\u0131m\u0131z evimizdeki en \u00f6nemli ya\u015fam alanlar\u0131d\u0131r.\u00a0Purline\u00a0ise\u00a0mutfak i\u00e7in en \u00f6neml...\t\t\t\t\t<\/div>\n\t\t\t\t\n\t\t\t\t\t\t\t\t\t<\/div>\n\t<\/div>\n<\/article>\n\n\t\t\t\t\t\t\t\t\t\t\t\n<article id=\"post-19386\" class=\"wd-post blog-design-chess blog-post-loop blog-design-small-images blog-style-bg wd-add-shadow wd-col post-19386 post type-post status-publish format-standard has-post-thumbnail hentry category-ahsap-dekorasyon category-estetik category-lamine-parke tag-ahsap-yer-dosemeleri tag-berry-alloc tag-berry-alloc-prodizayn tag-berry-alloc-turkiye tag-berry-allock-istanbul tag-cocuk-odasi-icin-hangi-zemin-kaplama-daha-uygun tag-cocuk-odasi-icin-zemin-kaplama tag-fb-hout tag-fb-hout-istanbul tag-lamine-parke tag-lamine-parke-faydalari tag-lamine-zemin-kaplama tag-prodizayn tag-prodizyan-zemin-kaplama tag-wineo tag-wineo-istanbul tag-wineo-turkiye tag-zemin-doseme tag-zemin-kaplama tag-zemin-kaplama-istanbul tag-zemin-kaplama-turkiye tag-zemin-sistemleri\">\n\t<div class=\"wd-post-inner article-inner\">\n\t\t\t\t\t<div class=\"wd-post-thumb entry-header\">\n\t\t\t\t\t\t\t\t\t<div class=\"wd-post-img post-img-wrapp\">\n\t\t\t\t\t\t<img width=\"800\" height=\"600\" src=\"https:\/\/www.prodizayn.com.tr\/wp-content\/uploads\/2025\/04\/coucuklarimiz-icin-zemin.jpg\" class=\"attachment-large size-large\" alt=\"\" decoding=\"async\" loading=\"lazy\" srcset=\"https:\/\/www.prodizayn.com.tr\/wp-content\/uploads\/2025\/04\/coucuklarimiz-icin-zemin.jpg 800w, https:\/\/www.prodizayn.com.tr\/wp-content\/uploads\/2025\/04\/coucuklarimiz-icin-zemin-430x323.jpg 430w, https:\/\/www.prodizayn.com.tr\/wp-content\/uploads\/2025\/04\/coucuklarimiz-icin-zemin-150x113.jpg 150w, https:\/\/www.prodizayn.com.tr\/wp-content\/uploads\/2025\/04\/coucuklarimiz-icin-zemin-700x525.jpg 700w, https:\/\/www.prodizayn.com.tr\/wp-content\/uploads\/2025\/04\/coucuklarimiz-icin-zemin-400x300.jpg 400w, https:\/\/www.prodizayn.com.tr\/wp-content\/uploads\/2025\/04\/coucuklarimiz-icin-zemin-768x576.jpg 768w\" sizes=\"auto, (max-width: 800px) 100vw, 800px\" \/>\t\t\t\t\t<\/div>\n\t\t\t\t\t\t\t\t\t\t<a class=\"wd-fill\" tabindex=\"-1\" href=\"https:\/\/www.prodizayn.com.tr\/cocuk-odasi-icin-hangi-zemin-kaplama\/\" aria-label=\"Link on post \u00c7ocuk Odas\u0131 \u0130\u00e7in Hangi Zemin Kaplama\"><\/a>\n\t\t\t\t\n\t\t\t\t\t\t\t<\/div>\n\t\t\n\t\t<div class=\"wd-post-content article-body-container\">\n\t\t\t\n\t\t\t\t\t\t\t<h3 class=\"wd-post-title wd-entities-title title post-title\">\n\t\t\t\t\t<a href=\"https:\/\/www.prodizayn.com.tr\/cocuk-odasi-icin-hangi-zemin-kaplama\/\" rel=\"bookmark\">\u00c7ocuk Odas\u0131 \u0130\u00e7in Hangi Zemin Kaplama<\/a>\n\t\t\t\t<\/h3>\n\t\t\t\n\t\t\t\n\t\t\t\t\t\t\t\t\t\t\t\t<div class=\"wd-post-excerpt entry-content\">\n\t\t\t\t\t\t\u00c7ocuklar bizim her \u015feyimizdir. Onlar\u0131n en iyi ko\u015fullarda ve sa\u011fl\u0131kl\u0131 ya\u015famas\u0131n\u0131 isteriz bu y\u00fczden de elimizden gelen her \u015feyi...\t\t\t\t\t<\/div>\n\t\t\t\t\n\t\t\t\t\t\t\t\t\t<\/div>\n\t<\/div>\n<\/article>\n\n\t\t\t\t\t\n\t\t\t\t\t","status":"have-posts","nextPage":"https:\/\/www.prodizayn.com.tr\/blog\/page\/12\/?woo_ajax=1","currentPage":"https:\/\/www.prodizayn.com.tr\/blog\/page\/11"}