
			
				

					
				

			
		{"items":"\n\t\t\t\t\t\t\t\t\t\t\t\n<article id=\"post-19033\" class=\"wd-post blog-design-chess blog-post-loop blog-design-small-images blog-style-bg wd-add-shadow wd-col post-19033 post type-post status-publish format-standard has-post-thumbnail hentry category-estetik category-laminat-parke category-lamine-parke tag-berry-alloc tag-high-pressure-laminate tag-laminant tag-laminat-istanbul tag-laminat-parke tag-laminat-parke-koleksiyonlari tag-laminat-turkiye tag-lamine-istanbul tag-lamine-parke tag-lamine-parke-koleksiyonlari tag-lamine-turkiye tag-parke-temizligi tag-prodizayn tag-prodizayn-laminat-parke tag-prodizayn-laminat-parke-ve-lamine-parke-koleksiyonlari tag-prodizayn-lamine-parke tag-zemin-dosemeleri tag-zemin-kaplama\">\n\t<div class=\"wd-post-inner article-inner\">\n\t\t\t\t\t<div class=\"wd-post-thumb entry-header\">\n\t\t\t\t\t\t\t\t\t<div class=\"wd-post-img post-img-wrapp\">\n\t\t\t\t\t\t<img width=\"800\" height=\"600\" src=\"https:\/\/www.prodizayn.com.tr\/wp-content\/uploads\/2025\/04\/Prodizayn-laminat-parke.jpg\" class=\"attachment-large size-large\" alt=\"\" decoding=\"async\" fetchpriority=\"high\" srcset=\"https:\/\/www.prodizayn.com.tr\/wp-content\/uploads\/2025\/04\/Prodizayn-laminat-parke.jpg 800w, https:\/\/www.prodizayn.com.tr\/wp-content\/uploads\/2025\/04\/Prodizayn-laminat-parke-430x323.jpg 430w, https:\/\/www.prodizayn.com.tr\/wp-content\/uploads\/2025\/04\/Prodizayn-laminat-parke-150x113.jpg 150w, https:\/\/www.prodizayn.com.tr\/wp-content\/uploads\/2025\/04\/Prodizayn-laminat-parke-700x525.jpg 700w, https:\/\/www.prodizayn.com.tr\/wp-content\/uploads\/2025\/04\/Prodizayn-laminat-parke-400x300.jpg 400w, https:\/\/www.prodizayn.com.tr\/wp-content\/uploads\/2025\/04\/Prodizayn-laminat-parke-768x576.jpg 768w\" sizes=\"(max-width: 800px) 100vw, 800px\" \/>\t\t\t\t\t<\/div>\n\t\t\t\t\t\t\t\t\t\t<a class=\"wd-fill\" tabindex=\"-1\" href=\"https:\/\/www.prodizayn.com.tr\/prodizayn-laminat-parke-ve-lamine-parke-koleksiyonlari-1\/\" aria-label=\"Link on post Prodizayn Laminat Parke ve Lamine Parke Koleksiyonlar\u0131\/1\"><\/a>\n\t\t\t\t\n\t\t\t\t\t\t\t<\/div>\n\t\t\n\t\t<div class=\"wd-post-content article-body-container\">\n\t\t\t\n\t\t\t\t\t\t\t<h3 class=\"wd-post-title wd-entities-title title post-title\">\n\t\t\t\t\t<a href=\"https:\/\/www.prodizayn.com.tr\/prodizayn-laminat-parke-ve-lamine-parke-koleksiyonlari-1\/\" rel=\"bookmark\">Prodizayn Laminat Parke ve Lamine Parke Koleksiyonlar\u0131\/1<\/a>\n\t\t\t\t<\/h3>\n\t\t\t\n\t\t\t\n\t\t\t\t\t\t\t\t\t\t\t\t<div class=\"wd-post-excerpt entry-content\">\n\t\t\t\t\t\tProdizayn Laminat Parke ve Lamine Parke Koleksiyonlar\u0131Prodizayn laminat parke koleksiyonu \u00f6zenle se\u00e7ilmi\u015f \u00fcr\u00fcnleri bir araya ...\t\t\t\t\t<\/div>\n\t\t\t\t\n\t\t\t\t\t\t\t\t\t<\/div>\n\t<\/div>\n<\/article>\n\n\t\t\t\t\t\t\t\t\t\t\t\n<article id=\"post-19027\" class=\"wd-post blog-design-chess blog-post-loop blog-design-small-images blog-style-bg wd-add-shadow wd-col post-19027 post type-post status-publish format-standard has-post-thumbnail hentry category-estetik category-laminat-parke category-lamine-parke tag-berry-alloc tag-high-pressure-laminate tag-laminant tag-laminat-istanbul tag-laminat-parke tag-laminat-turkiye tag-lamine-istanbul tag-lamine-mi-laminat-mi tag-lamine-parke tag-lamine-parke-ve-laminat-parke-arasindaki-farklar tag-lamine-temizligi tag-lamine-turkiye tag-parke-temizligi tag-prodizayn tag-zemin-dosemeleri tag-zemin-kaplama\">\n\t<div class=\"wd-post-inner article-inner\">\n\t\t\t\t\t<div class=\"wd-post-thumb entry-header\">\n\t\t\t\t\t\t\t\t\t<div class=\"wd-post-img post-img-wrapp\">\n\t\t\t\t\t\t<img width=\"800\" height=\"600\" src=\"https:\/\/www.prodizayn.com.tr\/wp-content\/uploads\/2025\/04\/lamine-parke-ve-laminat-parke-arasindaki-farklar.jpg\" class=\"attachment-large size-large\" alt=\"\" decoding=\"async\" srcset=\"https:\/\/www.prodizayn.com.tr\/wp-content\/uploads\/2025\/04\/lamine-parke-ve-laminat-parke-arasindaki-farklar.jpg 800w, https:\/\/www.prodizayn.com.tr\/wp-content\/uploads\/2025\/04\/lamine-parke-ve-laminat-parke-arasindaki-farklar-430x323.jpg 430w, https:\/\/www.prodizayn.com.tr\/wp-content\/uploads\/2025\/04\/lamine-parke-ve-laminat-parke-arasindaki-farklar-150x113.jpg 150w, https:\/\/www.prodizayn.com.tr\/wp-content\/uploads\/2025\/04\/lamine-parke-ve-laminat-parke-arasindaki-farklar-700x525.jpg 700w, https:\/\/www.prodizayn.com.tr\/wp-content\/uploads\/2025\/04\/lamine-parke-ve-laminat-parke-arasindaki-farklar-400x300.jpg 400w, https:\/\/www.prodizayn.com.tr\/wp-content\/uploads\/2025\/04\/lamine-parke-ve-laminat-parke-arasindaki-farklar-768x576.jpg 768w\" sizes=\"(max-width: 800px) 100vw, 800px\" \/>\t\t\t\t\t<\/div>\n\t\t\t\t\t\t\t\t\t\t<a class=\"wd-fill\" tabindex=\"-1\" href=\"https:\/\/www.prodizayn.com.tr\/lamine-parke-ve-laminat-parke-arasindaki-farklar\/\" aria-label=\"Link on post Lamine Parke Ve Laminat Parke Aras\u0131ndaki Farklar\"><\/a>\n\t\t\t\t\n\t\t\t\t\t\t\t<\/div>\n\t\t\n\t\t<div class=\"wd-post-content article-body-container\">\n\t\t\t\n\t\t\t\t\t\t\t<h3 class=\"wd-post-title wd-entities-title title post-title\">\n\t\t\t\t\t<a href=\"https:\/\/www.prodizayn.com.tr\/lamine-parke-ve-laminat-parke-arasindaki-farklar\/\" rel=\"bookmark\">Lamine Parke Ve Laminat Parke Aras\u0131ndaki Farklar<\/a>\n\t\t\t\t<\/h3>\n\t\t\t\n\t\t\t\n\t\t\t\t\t\t\t\t\t\t\t\t<div class=\"wd-post-excerpt entry-content\">\n\t\t\t\t\t\tLamine Parke ve Laminat Parke aras\u0131ndaki farklar.Lamine ve laminat parke aras\u0131nda ki farklar \u00e7ok bariz ve belirgindin seviyed...\t\t\t\t\t<\/div>\n\t\t\t\t\n\t\t\t\t\t\t\t\t\t<\/div>\n\t<\/div>\n<\/article>\n\n\t\t\t\t\t\t\t\t\t\t\t\n<article id=\"post-19020\" class=\"wd-post blog-design-chess blog-post-loop blog-design-small-images blog-style-bg wd-add-shadow wd-col post-19020 post type-post status-publish format-standard has-post-thumbnail hentry category-deck category-estetik tag-ahsap-deck tag-berry-alloc tag-iroko-deck tag-istanbul-ahsap-deck tag-istanbul-ahsap-deck-modelleri tag-prodizayn tag-teak-deck tag-thermowood-cam-deck tag-thermowood-dis-budak-deck tag-turkiye-ahsap-deck tag-zemin-dosemeleri tag-zemin-kaplama\">\n\t<div class=\"wd-post-inner article-inner\">\n\t\t\t\t\t<div class=\"wd-post-thumb entry-header\">\n\t\t\t\t\t\t\t\t\t<div class=\"wd-post-img post-img-wrapp\">\n\t\t\t\t\t\t<img width=\"800\" height=\"600\" src=\"https:\/\/www.prodizayn.com.tr\/wp-content\/uploads\/2025\/04\/istanbul-ahsap-deck.jpg\" class=\"attachment-large size-large\" alt=\"\" decoding=\"async\" srcset=\"https:\/\/www.prodizayn.com.tr\/wp-content\/uploads\/2025\/04\/istanbul-ahsap-deck.jpg 800w, https:\/\/www.prodizayn.com.tr\/wp-content\/uploads\/2025\/04\/istanbul-ahsap-deck-430x323.jpg 430w, https:\/\/www.prodizayn.com.tr\/wp-content\/uploads\/2025\/04\/istanbul-ahsap-deck-150x113.jpg 150w, https:\/\/www.prodizayn.com.tr\/wp-content\/uploads\/2025\/04\/istanbul-ahsap-deck-700x525.jpg 700w, https:\/\/www.prodizayn.com.tr\/wp-content\/uploads\/2025\/04\/istanbul-ahsap-deck-400x300.jpg 400w, https:\/\/www.prodizayn.com.tr\/wp-content\/uploads\/2025\/04\/istanbul-ahsap-deck-768x576.jpg 768w\" sizes=\"(max-width: 800px) 100vw, 800px\" \/>\t\t\t\t\t<\/div>\n\t\t\t\t\t\t\t\t\t\t<a class=\"wd-fill\" tabindex=\"-1\" href=\"https:\/\/www.prodizayn.com.tr\/istanbul-ahsap-deck-modelleri\/\" aria-label=\"Link on post \u0130stanbul Ah\u015fap Deck Modelleri\"><\/a>\n\t\t\t\t\n\t\t\t\t\t\t\t<\/div>\n\t\t\n\t\t<div class=\"wd-post-content article-body-container\">\n\t\t\t\n\t\t\t\t\t\t\t<h3 class=\"wd-post-title wd-entities-title title post-title\">\n\t\t\t\t\t<a href=\"https:\/\/www.prodizayn.com.tr\/istanbul-ahsap-deck-modelleri\/\" rel=\"bookmark\">\u0130stanbul Ah\u015fap Deck Modelleri<\/a>\n\t\t\t\t<\/h3>\n\t\t\t\n\t\t\t\n\t\t\t\t\t\t\t\t\t\t\t\t<div class=\"wd-post-excerpt entry-content\">\n\t\t\t\t\t\t\u0130stanbul Ah\u015fap Deck ModelleriBu yaz\u0131 dizimizde ah\u015fap ve kompozit deck \u00fcr\u00fcnleri ayr\u0131 ayr\u0131 olarak ele alaca\u011f\u0131z.\u00a0Prodizayn ah\u015fap...\t\t\t\t\t<\/div>\n\t\t\t\t\n\t\t\t\t\t\t\t\t\t<\/div>\n\t<\/div>\n<\/article>\n\n\t\t\t\t\t\t\t\t\t\t\t\n<article id=\"post-19010\" class=\"wd-post blog-design-chess blog-post-loop blog-design-small-images blog-style-bg wd-add-shadow wd-col post-19010 post type-post status-publish format-standard has-post-thumbnail hentry category-estetik category-lamine-parke tag-baliksirti-lamine-parke tag-berry-alloc tag-genis-lamine-parke tag-istanbul-lamine-parke-koleksiyonu tag-lamine-parke-istanbul tag-lamine-parke-koleksiyonu tag-lamine-parke-turkiye tag-lamine-temizligi tag-macar-lamine-parke tag-prodizayn tag-turkiye-lamine-parke-koleksiyonu\">\n\t<div class=\"wd-post-inner article-inner\">\n\t\t\t\t\t<div class=\"wd-post-thumb entry-header\">\n\t\t\t\t\t\t\t\t\t<div class=\"wd-post-img post-img-wrapp\">\n\t\t\t\t\t\t<img width=\"800\" height=\"600\" src=\"https:\/\/www.prodizayn.com.tr\/wp-content\/uploads\/2025\/04\/istanbul-lamine-parke.jpg\" class=\"attachment-large size-large\" alt=\"\" decoding=\"async\" loading=\"lazy\" srcset=\"https:\/\/www.prodizayn.com.tr\/wp-content\/uploads\/2025\/04\/istanbul-lamine-parke.jpg 800w, https:\/\/www.prodizayn.com.tr\/wp-content\/uploads\/2025\/04\/istanbul-lamine-parke-430x323.jpg 430w, https:\/\/www.prodizayn.com.tr\/wp-content\/uploads\/2025\/04\/istanbul-lamine-parke-150x113.jpg 150w, https:\/\/www.prodizayn.com.tr\/wp-content\/uploads\/2025\/04\/istanbul-lamine-parke-700x525.jpg 700w, https:\/\/www.prodizayn.com.tr\/wp-content\/uploads\/2025\/04\/istanbul-lamine-parke-400x300.jpg 400w, https:\/\/www.prodizayn.com.tr\/wp-content\/uploads\/2025\/04\/istanbul-lamine-parke-768x576.jpg 768w\" sizes=\"auto, (max-width: 800px) 100vw, 800px\" \/>\t\t\t\t\t<\/div>\n\t\t\t\t\t\t\t\t\t\t<a class=\"wd-fill\" tabindex=\"-1\" href=\"https:\/\/www.prodizayn.com.tr\/istanbul-lamine-parke-koleksiyonu\/\" aria-label=\"Link on post \u0130stanbul Lamine Parke Koleksiyonu\"><\/a>\n\t\t\t\t\n\t\t\t\t\t\t\t<\/div>\n\t\t\n\t\t<div class=\"wd-post-content article-body-container\">\n\t\t\t\n\t\t\t\t\t\t\t<h3 class=\"wd-post-title wd-entities-title title post-title\">\n\t\t\t\t\t<a href=\"https:\/\/www.prodizayn.com.tr\/istanbul-lamine-parke-koleksiyonu\/\" rel=\"bookmark\">\u0130stanbul Lamine Parke Koleksiyonu<\/a>\n\t\t\t\t<\/h3>\n\t\t\t\n\t\t\t\n\t\t\t\t\t\t\t\t\t\t\t\t<div class=\"wd-post-excerpt entry-content\">\n\t\t\t\t\t\t\u0130stanbul Lamine Parke KoleksiyonuProdizayn lamine parke koleksiyonu uzun ve detayl\u0131 bir ara\u015ft\u0131rma ve uygulama sonucunda. Uzma...\t\t\t\t\t<\/div>\n\t\t\t\t\n\t\t\t\t\t\t\t\t\t<\/div>\n\t<\/div>\n<\/article>\n\n\t\t\t\t\t\t\t\t\t\t\t\n<article id=\"post-18993\" class=\"wd-post blog-design-chess blog-post-loop blog-design-small-images blog-style-bg wd-add-shadow wd-col post-18993 post type-post status-publish format-standard has-post-thumbnail hentry category-deck category-estetik tag-ahsap-kompozit-deck tag-istanbul-kompozit-deck tag-istanbul-kompozit-deck-modelleri tag-karo-deck tag-kompozit-deck tag-kompozit-deck-turkiye tag-prodizayn tag-zemin-dosemeleri tag-zemin-kaplama\">\n\t<div class=\"wd-post-inner article-inner\">\n\t\t\t\t\t<div class=\"wd-post-thumb entry-header\">\n\t\t\t\t\t\t\t\t\t<div class=\"wd-post-img post-img-wrapp\">\n\t\t\t\t\t\t<img width=\"800\" height=\"600\" src=\"https:\/\/www.prodizayn.com.tr\/wp-content\/uploads\/2025\/04\/istanbul-kompozit-deck.jpg\" class=\"attachment-large size-large\" alt=\"\" decoding=\"async\" loading=\"lazy\" srcset=\"https:\/\/www.prodizayn.com.tr\/wp-content\/uploads\/2025\/04\/istanbul-kompozit-deck.jpg 800w, https:\/\/www.prodizayn.com.tr\/wp-content\/uploads\/2025\/04\/istanbul-kompozit-deck-430x323.jpg 430w, https:\/\/www.prodizayn.com.tr\/wp-content\/uploads\/2025\/04\/istanbul-kompozit-deck-150x113.jpg 150w, https:\/\/www.prodizayn.com.tr\/wp-content\/uploads\/2025\/04\/istanbul-kompozit-deck-700x525.jpg 700w, https:\/\/www.prodizayn.com.tr\/wp-content\/uploads\/2025\/04\/istanbul-kompozit-deck-400x300.jpg 400w, https:\/\/www.prodizayn.com.tr\/wp-content\/uploads\/2025\/04\/istanbul-kompozit-deck-768x576.jpg 768w\" sizes=\"auto, (max-width: 800px) 100vw, 800px\" \/>\t\t\t\t\t<\/div>\n\t\t\t\t\t\t\t\t\t\t<a class=\"wd-fill\" tabindex=\"-1\" href=\"https:\/\/www.prodizayn.com.tr\/istanbul-kompozit-deck-modelleri\/\" aria-label=\"Link on post \u0130stanbul Kompozit Deck Modelleri\"><\/a>\n\t\t\t\t\n\t\t\t\t\t\t\t<\/div>\n\t\t\n\t\t<div class=\"wd-post-content article-body-container\">\n\t\t\t\n\t\t\t\t\t\t\t<h3 class=\"wd-post-title wd-entities-title title post-title\">\n\t\t\t\t\t<a href=\"https:\/\/www.prodizayn.com.tr\/istanbul-kompozit-deck-modelleri\/\" rel=\"bookmark\">\u0130stanbul Kompozit Deck Modelleri<\/a>\n\t\t\t\t<\/h3>\n\t\t\t\n\t\t\t\n\t\t\t\t\t\t\t\t\t\t\t\t<div class=\"wd-post-excerpt entry-content\">\n\t\t\t\t\t\tProdizayn Kompozit Deck iki ana segmente ayr\u0131l\u0131r kompozit deck ile ilgili ayr\u0131nt\u0131l\u0131 bilgi i\u00e7in\u00a0t\u0131klay\u0131n\u0131z.\u00a0kompozit deck\u00a0karo...\t\t\t\t\t<\/div>\n\t\t\t\t\n\t\t\t\t\t\t\t\t\t<\/div>\n\t<\/div>\n<\/article>\n\n\t\t\t\t\t\t\t\t\t\t\t\n<article id=\"post-18987\" class=\"wd-post blog-design-chess blog-post-loop blog-design-small-images blog-style-bg wd-add-shadow wd-col post-18987 post type-post status-publish format-standard has-post-thumbnail hentry category-deck category-estetik tag-ahsap-kompozit-deck tag-berry-alloc tag-kompozit-deck tag-kompozit-deck-istanbul tag-kompozit-deck-turkiye tag-laminat-parke tag-lamine-parke tag-prodizayn tag-pvc\">\n\t<div class=\"wd-post-inner article-inner\">\n\t\t\t\t\t<div class=\"wd-post-thumb entry-header\">\n\t\t\t\t\t\t\t\t\t<div class=\"wd-post-img post-img-wrapp\">\n\t\t\t\t\t\t<img width=\"800\" height=\"600\" src=\"https:\/\/www.prodizayn.com.tr\/wp-content\/uploads\/2025\/04\/kompozit-deck-nerelerde.jpg\" class=\"attachment-large size-large\" alt=\"\" decoding=\"async\" loading=\"lazy\" srcset=\"https:\/\/www.prodizayn.com.tr\/wp-content\/uploads\/2025\/04\/kompozit-deck-nerelerde.jpg 800w, https:\/\/www.prodizayn.com.tr\/wp-content\/uploads\/2025\/04\/kompozit-deck-nerelerde-430x323.jpg 430w, https:\/\/www.prodizayn.com.tr\/wp-content\/uploads\/2025\/04\/kompozit-deck-nerelerde-150x113.jpg 150w, https:\/\/www.prodizayn.com.tr\/wp-content\/uploads\/2025\/04\/kompozit-deck-nerelerde-700x525.jpg 700w, https:\/\/www.prodizayn.com.tr\/wp-content\/uploads\/2025\/04\/kompozit-deck-nerelerde-400x300.jpg 400w, https:\/\/www.prodizayn.com.tr\/wp-content\/uploads\/2025\/04\/kompozit-deck-nerelerde-768x576.jpg 768w\" sizes=\"auto, (max-width: 800px) 100vw, 800px\" \/>\t\t\t\t\t<\/div>\n\t\t\t\t\t\t\t\t\t\t<a class=\"wd-fill\" tabindex=\"-1\" href=\"https:\/\/www.prodizayn.com.tr\/kompozit-deck-nerelerde-kullanilir\/\" aria-label=\"Link on post Kompozit Deck nerelerde kullan\u0131l\u0131r\"><\/a>\n\t\t\t\t\n\t\t\t\t\t\t\t<\/div>\n\t\t\n\t\t<div class=\"wd-post-content article-body-container\">\n\t\t\t\n\t\t\t\t\t\t\t<h3 class=\"wd-post-title wd-entities-title title post-title\">\n\t\t\t\t\t<a href=\"https:\/\/www.prodizayn.com.tr\/kompozit-deck-nerelerde-kullanilir\/\" rel=\"bookmark\">Kompozit Deck nerelerde kullan\u0131l\u0131r<\/a>\n\t\t\t\t<\/h3>\n\t\t\t\n\t\t\t\n\t\t\t\t\t\t\t\t\t\t\t\t<div class=\"wd-post-excerpt entry-content\">\n\t\t\t\t\t\tKompozit deck\u00a0en \u00e7ok havuz kenarlar\u0131nda, teraslarda, bah\u00e7elerde ve a\u00e7\u0131k alanlarda kullan\u0131l\u0131r. \u015eimdi\u00a0kompozit deck\u2019in bu geni\u015f...\t\t\t\t\t<\/div>\n\t\t\t\t\n\t\t\t\t\t\t\t\t\t<\/div>\n\t<\/div>\n<\/article>\n\n\t\t\t\t\t\t\t\t\t\t\t\n<article id=\"post-18982\" class=\"wd-post blog-design-chess blog-post-loop blog-design-small-images blog-style-bg wd-add-shadow wd-col post-18982 post type-post status-publish format-standard has-post-thumbnail hentry category-estetik category-laminat-parke tag-berry-alloc tag-high-pressure-laminate tag-laminant tag-laminat-parke tag-lamine-temizligi tag-parke-temizligi tag-prodizayn tag-zemin-dosemeleri tag-zemin-kaplama\">\n\t<div class=\"wd-post-inner article-inner\">\n\t\t\t\t\t<div class=\"wd-post-thumb entry-header\">\n\t\t\t\t\t\t\t\t\t<div class=\"wd-post-img post-img-wrapp\">\n\t\t\t\t\t\t<img width=\"800\" height=\"600\" src=\"https:\/\/www.prodizayn.com.tr\/wp-content\/uploads\/2025\/04\/eviniz-icin-en-uygun.jpg\" class=\"attachment-large size-large\" alt=\"\" decoding=\"async\" loading=\"lazy\" srcset=\"https:\/\/www.prodizayn.com.tr\/wp-content\/uploads\/2025\/04\/eviniz-icin-en-uygun.jpg 800w, https:\/\/www.prodizayn.com.tr\/wp-content\/uploads\/2025\/04\/eviniz-icin-en-uygun-430x323.jpg 430w, https:\/\/www.prodizayn.com.tr\/wp-content\/uploads\/2025\/04\/eviniz-icin-en-uygun-150x113.jpg 150w, https:\/\/www.prodizayn.com.tr\/wp-content\/uploads\/2025\/04\/eviniz-icin-en-uygun-700x525.jpg 700w, https:\/\/www.prodizayn.com.tr\/wp-content\/uploads\/2025\/04\/eviniz-icin-en-uygun-400x300.jpg 400w, https:\/\/www.prodizayn.com.tr\/wp-content\/uploads\/2025\/04\/eviniz-icin-en-uygun-768x576.jpg 768w\" sizes=\"auto, (max-width: 800px) 100vw, 800px\" \/>\t\t\t\t\t<\/div>\n\t\t\t\t\t\t\t\t\t\t<a class=\"wd-fill\" tabindex=\"-1\" href=\"https:\/\/www.prodizayn.com.tr\/eviniz-icin-en-uygun-laminat-parke-secimi\/\" aria-label=\"Link on post Eviniz \u0130\u00e7in En Uygun Laminat Parke Se\u00e7imi\"><\/a>\n\t\t\t\t\n\t\t\t\t\t\t\t<\/div>\n\t\t\n\t\t<div class=\"wd-post-content article-body-container\">\n\t\t\t\n\t\t\t\t\t\t\t<h3 class=\"wd-post-title wd-entities-title title post-title\">\n\t\t\t\t\t<a href=\"https:\/\/www.prodizayn.com.tr\/eviniz-icin-en-uygun-laminat-parke-secimi\/\" rel=\"bookmark\">Eviniz \u0130\u00e7in En Uygun Laminat Parke Se\u00e7imi<\/a>\n\t\t\t\t<\/h3>\n\t\t\t\n\t\t\t\n\t\t\t\t\t\t\t\t\t\t\t\t<div class=\"wd-post-excerpt entry-content\">\n\t\t\t\t\t\tEvinizi g\u00f6steren en \u00f6nemli unsurlardan biri\u00a0parkedir. Evinizi istedi\u011finiz g\u00f6r\u00fcn\u00fcme\u00a0parkeyle kavu\u015fturabilirsiniz. Gerek rengi,...\t\t\t\t\t<\/div>\n\t\t\t\t\n\t\t\t\t\t\t\t\t\t<\/div>\n\t<\/div>\n<\/article>\n\n\t\t\t\t\t\t\t\t\t\t\t\n<article id=\"post-18976\" class=\"wd-post blog-design-chess blog-post-loop blog-design-small-images blog-style-bg wd-add-shadow wd-col post-18976 post type-post status-publish format-standard has-post-thumbnail hentry category-estetik category-laminat-parke tag-berry-alloc tag-high-pressure-laminate tag-laminant tag-laminat-parke tag-lamine-temizligi tag-prodizayn\">\n\t<div class=\"wd-post-inner article-inner\">\n\t\t\t\t\t<div class=\"wd-post-thumb entry-header\">\n\t\t\t\t\t\t\t\t\t<div class=\"wd-post-img post-img-wrapp\">\n\t\t\t\t\t\t<img width=\"800\" height=\"600\" src=\"https:\/\/www.prodizayn.com.tr\/wp-content\/uploads\/2025\/04\/mobilyaniza-uygun.jpg\" class=\"attachment-large size-large\" alt=\"\" decoding=\"async\" loading=\"lazy\" srcset=\"https:\/\/www.prodizayn.com.tr\/wp-content\/uploads\/2025\/04\/mobilyaniza-uygun.jpg 800w, https:\/\/www.prodizayn.com.tr\/wp-content\/uploads\/2025\/04\/mobilyaniza-uygun-430x323.jpg 430w, https:\/\/www.prodizayn.com.tr\/wp-content\/uploads\/2025\/04\/mobilyaniza-uygun-150x113.jpg 150w, https:\/\/www.prodizayn.com.tr\/wp-content\/uploads\/2025\/04\/mobilyaniza-uygun-700x525.jpg 700w, https:\/\/www.prodizayn.com.tr\/wp-content\/uploads\/2025\/04\/mobilyaniza-uygun-400x300.jpg 400w, https:\/\/www.prodizayn.com.tr\/wp-content\/uploads\/2025\/04\/mobilyaniza-uygun-768x576.jpg 768w\" sizes=\"auto, (max-width: 800px) 100vw, 800px\" \/>\t\t\t\t\t<\/div>\n\t\t\t\t\t\t\t\t\t\t<a class=\"wd-fill\" tabindex=\"-1\" href=\"https:\/\/www.prodizayn.com.tr\/mobilyalariniza-uygun-laminat-parke-secimi-2\/\" aria-label=\"Link on post Mobilyalar\u0131n\u0131za Uygun Laminat Parke Se\u00e7imi!\"><\/a>\n\t\t\t\t\n\t\t\t\t\t\t\t<\/div>\n\t\t\n\t\t<div class=\"wd-post-content article-body-container\">\n\t\t\t\n\t\t\t\t\t\t\t<h3 class=\"wd-post-title wd-entities-title title post-title\">\n\t\t\t\t\t<a href=\"https:\/\/www.prodizayn.com.tr\/mobilyalariniza-uygun-laminat-parke-secimi-2\/\" rel=\"bookmark\">Mobilyalar\u0131n\u0131za Uygun Laminat Parke Se\u00e7imi!<\/a>\n\t\t\t\t<\/h3>\n\t\t\t\n\t\t\t\n\t\t\t\t\t\t\t\t\t\t\t\t<div class=\"wd-post-excerpt entry-content\">\n\t\t\t\t\t\tLaminat parke se\u00e7imi yapmak \u00e7ok zor. Gerek ofisinizde gerek evinizde gerekse i\u015f yerinizde mobilyalar\u0131n\u0131z haz\u0131rsa kafan\u0131z kar\u0131...\t\t\t\t\t<\/div>\n\t\t\t\t\n\t\t\t\t\t\t\t\t\t<\/div>\n\t<\/div>\n<\/article>\n\n\t\t\t\t\t\t\t\t\t\t\t\n<article id=\"post-18804\" class=\"wd-post blog-design-chess blog-post-loop blog-design-small-images blog-style-bg wd-add-shadow wd-col post-18804 post type-post status-publish format-standard has-post-thumbnail hentry category-laminat-parke category-lamine-parke tag-berry-alloc tag-laminant tag-laminat-parke tag-prodizayn tag-smart\">\n\t<div class=\"wd-post-inner article-inner\">\n\t\t\t\t\t<div class=\"wd-post-thumb entry-header\">\n\t\t\t\t\t\t\t\t\t<div class=\"wd-post-img post-img-wrapp\">\n\t\t\t\t\t\t<img width=\"800\" height=\"600\" src=\"https:\/\/www.prodizayn.com.tr\/wp-content\/uploads\/2025\/04\/huzur-veren-zeminler.jpg\" class=\"attachment-large size-large\" alt=\"\" decoding=\"async\" loading=\"lazy\" srcset=\"https:\/\/www.prodizayn.com.tr\/wp-content\/uploads\/2025\/04\/huzur-veren-zeminler.jpg 800w, https:\/\/www.prodizayn.com.tr\/wp-content\/uploads\/2025\/04\/huzur-veren-zeminler-430x323.jpg 430w, https:\/\/www.prodizayn.com.tr\/wp-content\/uploads\/2025\/04\/huzur-veren-zeminler-150x113.jpg 150w, https:\/\/www.prodizayn.com.tr\/wp-content\/uploads\/2025\/04\/huzur-veren-zeminler-700x525.jpg 700w, https:\/\/www.prodizayn.com.tr\/wp-content\/uploads\/2025\/04\/huzur-veren-zeminler-400x300.jpg 400w, https:\/\/www.prodizayn.com.tr\/wp-content\/uploads\/2025\/04\/huzur-veren-zeminler-768x576.jpg 768w\" sizes=\"auto, (max-width: 800px) 100vw, 800px\" \/>\t\t\t\t\t<\/div>\n\t\t\t\t\t\t\t\t\t\t<a class=\"wd-fill\" tabindex=\"-1\" href=\"https:\/\/www.prodizayn.com.tr\/berry-allocun-huzur-veren-serisi-smart\/\" aria-label=\"Link on post Berry Alloc\u2019un Huzur Veren Serisi: Smart!\"><\/a>\n\t\t\t\t\n\t\t\t\t\t\t\t<\/div>\n\t\t\n\t\t<div class=\"wd-post-content article-body-container\">\n\t\t\t\n\t\t\t\t\t\t\t<h3 class=\"wd-post-title wd-entities-title title post-title\">\n\t\t\t\t\t<a href=\"https:\/\/www.prodizayn.com.tr\/berry-allocun-huzur-veren-serisi-smart\/\" rel=\"bookmark\">Berry Alloc\u2019un Huzur Veren Serisi: Smart!<\/a>\n\t\t\t\t<\/h3>\n\t\t\t\n\t\t\t\n\t\t\t\t\t\t\t\t\t\t\t\t<div class=\"wd-post-excerpt entry-content\">\n\t\t\t\t\t\tUluslararas\u0131 platformda duvar ve zemin kaplamalar\u0131nda ad\u0131ndan s\u00f6z ettiren Berry Alloc, \u00e7\u0131kartt\u0131\u011f\u0131 serilerle kendini yenilemey...\t\t\t\t\t<\/div>\n\t\t\t\t\n\t\t\t\t\t\t\t\t\t<\/div>\n\t<\/div>\n<\/article>\n\n\t\t\t\t\t\t\t\t\t\t\t\n<article id=\"post-18798\" class=\"wd-post blog-design-chess blog-post-loop blog-design-small-images blog-style-bg wd-add-shadow wd-col post-18798 post type-post status-publish format-standard has-post-thumbnail hentry category-hpl tag-berry-alloc tag-high-pressure-laminate tag-hpl tag-hpl-laminat tag-hpl-parke tag-laminant tag-laminat-parke\">\n\t<div class=\"wd-post-inner article-inner\">\n\t\t\t\t\t<div class=\"wd-post-thumb entry-header\">\n\t\t\t\t\t\t\t\t\t<div class=\"wd-post-img post-img-wrapp\">\n\t\t\t\t\t\t<img width=\"800\" height=\"600\" src=\"https:\/\/www.prodizayn.com.tr\/wp-content\/uploads\/2025\/04\/hpl-high-zemin.jpg\" class=\"attachment-large size-large\" alt=\"\" decoding=\"async\" loading=\"lazy\" srcset=\"https:\/\/www.prodizayn.com.tr\/wp-content\/uploads\/2025\/04\/hpl-high-zemin.jpg 800w, https:\/\/www.prodizayn.com.tr\/wp-content\/uploads\/2025\/04\/hpl-high-zemin-430x323.jpg 430w, https:\/\/www.prodizayn.com.tr\/wp-content\/uploads\/2025\/04\/hpl-high-zemin-150x113.jpg 150w, https:\/\/www.prodizayn.com.tr\/wp-content\/uploads\/2025\/04\/hpl-high-zemin-700x525.jpg 700w, https:\/\/www.prodizayn.com.tr\/wp-content\/uploads\/2025\/04\/hpl-high-zemin-400x300.jpg 400w, https:\/\/www.prodizayn.com.tr\/wp-content\/uploads\/2025\/04\/hpl-high-zemin-768x576.jpg 768w\" sizes=\"auto, (max-width: 800px) 100vw, 800px\" \/>\t\t\t\t\t<\/div>\n\t\t\t\t\t\t\t\t\t\t<a class=\"wd-fill\" tabindex=\"-1\" href=\"https:\/\/www.prodizayn.com.tr\/high-pressure-laminate-hpl-nedir\/\" aria-label=\"Link on post High Pressure Laminate (HPL) Nedir ?\"><\/a>\n\t\t\t\t\n\t\t\t\t\t\t\t<\/div>\n\t\t\n\t\t<div class=\"wd-post-content article-body-container\">\n\t\t\t\n\t\t\t\t\t\t\t<h3 class=\"wd-post-title wd-entities-title title post-title\">\n\t\t\t\t\t<a href=\"https:\/\/www.prodizayn.com.tr\/high-pressure-laminate-hpl-nedir\/\" rel=\"bookmark\">High Pressure Laminate (HPL) Nedir ?<\/a>\n\t\t\t\t<\/h3>\n\t\t\t\n\t\t\t\n\t\t\t\t\t\t\t\t\t\t\t\t<div class=\"wd-post-excerpt entry-content\">\n\t\t\t\t\t\tHPL, yani T\u00fcrk\u00e7e ad\u0131yla Y\u00fcksek Bas\u0131n\u00e7l\u0131 Laminat Parke giderek yayg\u0131nla\u015f\u0131yor. Laminat parkelere g\u00f6re \u00e7ok daha dayan\u0131kl\u0131 olan b...\t\t\t\t\t<\/div>\n\t\t\t\t\n\t\t\t\t\t\t\t\t\t<\/div>\n\t<\/div>\n<\/article>\n\n\t\t\t\t\t\n\t\t\t\t\t","status":"have-posts","nextPage":"https:\/\/www.prodizayn.com.tr\/blog\/page\/11\/?woo_ajax=1","currentPage":"https:\/\/www.prodizayn.com.tr\/blog\/page\/10"}